{"id":103502,"date":"2025-05-01T08:46:07","date_gmt":"2025-05-01T11:46:07","guid":{"rendered":"https:\/\/tvc16.com\/portal\/?p=103502"},"modified":"2025-05-01T08:46:08","modified_gmt":"2025-05-01T11:46:08","slug":"professor-da-ucp-participa-de-congresso-internacional-de-direito-desportivo-em-portugal","status":"publish","type":"post","link":"https:\/\/tvc16.com\/portal\/2025\/05\/01\/professor-da-ucp-participa-de-congresso-internacional-de-direito-desportivo-em-portugal\/","title":{"rendered":"Professor da UCP participa de congresso internacional de Direito Desportivo em Portugal"},"content":{"rendered":"\n<p><em>Rodrigo Grazinoli ministrou palestra no evento, que aconteceu neste m\u00eas em P\u00f3voa de Varzim<\/em><\/p>\n\n\n\n<p>Realizado na cidade de P\u00f3voa de Varzim, em Portugal, o&nbsp;<em>III Congresso Internacional de Direito Desportivo<\/em>&nbsp;contou com a participa\u00e7\u00e3o do docente da Universidade Cat\u00f3lica de Petr\u00f3polis (UCP), Prof. Dr. Rodrigo Grazinoli. Ele foi um dos palestrantes na mesa em que se discutiram aspectos jur\u00eddicos da participa\u00e7\u00e3o da pessoa transexual no esporte. O evento aconteceu entre os dias 22 e 24 de abril, reunindo pesquisadores de Portugal e do Brasil.<\/p>\n\n\n\n<p>Rodrigo representou o Programa de P\u00f3s-gradua\u00e7\u00e3o em Direito (PPGD) da UCP, do qual \u00e9 professor. No evento, o docente da UCP \u2013 que tamb\u00e9m leciona nos cursos de gradua\u00e7\u00e3o em Direito e Biomedicina da Institui\u00e7\u00e3o &#8211; foi presenteado com uma medalha em homenagem \u00e0 data da cria\u00e7\u00e3o do Parque da Cidade e com a obra de arte que retrata a Mulher Poveira, entregues aos palestrantes do congresso pelas autoridades da C\u00e2mara Municipal de P\u00f3voa de Varzim.<\/p>\n\n\n\n<p>\u201cA participa\u00e7\u00e3o no Congresso Internacional foi important\u00edssima para o PPGD da UCP, pois permitiu a troca de experi\u00eancias com outros pesquisadores, al\u00e9m de ter viabilizado a apresenta\u00e7\u00e3o das pesquisas realizadas, as quais relacionam conhecimentos m\u00e9dico-legais com o Direito Desportivo, \u00e0 luz do Direito Internacional dos Direitos Humanos\u201d, pontuou o pesquisador da UCP.<\/p>\n","protected":false},"excerpt":{"rendered":"<p>Rodrigo Grazinoli ministrou palestra no evento, que aconteceu neste m\u00eas em P\u00f3voa de Varzim Realizado<\/p>\n","protected":false},"author":2,"featured_media":103503,"comment_status":"open","ping_status":"open","sticky":false,"template":"","format":"standard","meta":{"footnotes":""},"categories":[12],"tags":[],"class_list":["post-103502","post","type-post","status-publish","format-standard","has-post-thumbnail","hentry","category-cidade"],"_links":{"self":[{"href":"https:\/\/tvc16.com\/portal\/wp-json\/wp\/v2\/posts\/103502","targetHints":{"allow":["GET"]}}],"collection":[{"href":"https:\/\/tvc16.com\/portal\/wp-json\/wp\/v2\/posts"}],"about":[{"href":"https:\/\/tvc16.com\/portal\/wp-json\/wp\/v2\/types\/post"}],"author":[{"embeddable":true,"href":"https:\/\/tvc16.com\/portal\/wp-json\/wp\/v2\/users\/2"}],"replies":[{"embeddable":true,"href":"https:\/\/tvc16.com\/portal\/wp-json\/wp\/v2\/comments?post=103502"}],"version-history":[{"count":1,"href":"https:\/\/tvc16.com\/portal\/wp-json\/wp\/v2\/posts\/103502\/revisions"}],"predecessor-version":[{"id":103504,"href":"https:\/\/tvc16.com\/portal\/wp-json\/wp\/v2\/posts\/103502\/revisions\/103504"}],"wp:featuredmedia":[{"embeddable":true,"href":"https:\/\/tvc16.com\/portal\/wp-json\/wp\/v2\/media\/103503"}],"wp:attachment":[{"href":"https:\/\/tvc16.com\/portal\/wp-json\/wp\/v2\/media?parent=103502"}],"wp:term":[{"taxonomy":"category","embeddable":true,"href":"https:\/\/tvc16.com\/portal\/wp-json\/wp\/v2\/categories?post=103502"},{"taxonomy":"post_tag","embeddable":true,"href":"https:\/\/tvc16.com\/portal\/wp-json\/wp\/v2\/tags?post=103502"}],"curies":[{"name":"wp","href":"https:\/\/api.w.org\/{rel}","templated":true}]}}