{"id":103505,"date":"2025-05-02T06:00:00","date_gmt":"2025-05-02T09:00:00","guid":{"rendered":"https:\/\/tvc16.com\/portal\/?p=103505"},"modified":"2025-05-01T08:49:11","modified_gmt":"2025-05-01T11:49:11","slug":"exposicoes-de-fotos-e-flores-em-homenagem-as-maes-sao-destaques-em-itaipava","status":"publish","type":"post","link":"https:\/\/tvc16.com\/portal\/2025\/05\/02\/exposicoes-de-fotos-e-flores-em-homenagem-as-maes-sao-destaques-em-itaipava\/","title":{"rendered":"Exposi\u00e7\u00f5es de fotos e flores em homenagem \u00e0s m\u00e3es s\u00e3o destaques em Itaipava"},"content":{"rendered":"\n<p><em>Duas exposi\u00e7\u00f5es gratuitas convidam o p\u00fablico a refletir sobre a maternidade e a beleza de transformar espa\u00e7os com sensibilidade e significado<\/em><\/p>\n\n\n\n<p>Celebrar a maternidade em suas m\u00faltiplas formas e homenagear as mulheres que cuidam, transformam e inspiram \u2014 essa \u00e9 a proposta das duas exposi\u00e7\u00f5es que acontecem ao longo de maio, em Itaipava. Com linguagens diferentes, mas unidas pela delicadeza e profundidade, as mostras \u201cFlorEss\u00eancia\u201d e \u201cM\u00e3es Extraordin\u00e1rias\u201d est\u00e3o em cartaz no Shopping Vilarejo, oferecendo ao p\u00fablico experi\u00eancias visuais que provocam afeto, mem\u00f3ria e reflex\u00e3o.<\/p>\n\n\n\n<p>Na Pra\u00e7a do Sol, entre os dias 2 e 11 de maio, a exposi\u00e7\u00e3o \u201cFlorEss\u00eancia\u201d transforma o espa\u00e7o em uma vitrine viva de possibilidades. Com curadoria da Villa Verde Paisagismo e Jardinagem, a mostra combina flores ornamentais \u2014 como orqu\u00eddeas, beg\u00f4nias e marantas \u2014 com m\u00f3veis de alto padr\u00e3o e ambienta\u00e7\u00f5es decorativas, realizadas pela JS Marcenaria, e que prop\u00f5em novos olhares para os lares e para os rituais de cuidado com a casa. \u201cNosso objetivo \u00e9 inspirar as pessoas a olharem para seus espa\u00e7os com mais leveza e poesia. As flores t\u00eam o poder de ressignificar ambientes e sentimentos\u201d, explica Gabrielle Nebesmak, administradora da Villa Verde. A exposi\u00e7\u00e3o tamb\u00e9m \u00e9 uma \u00f3tima op\u00e7\u00e3o para quem deseja presentear no Dia das M\u00e3es com algo afetivo e duradouro.<\/p>\n\n\n\n<p>J\u00e1 na Pra\u00e7a da Lua, at\u00e9 o dia 18 de maio, a exposi\u00e7\u00e3o \u201cM\u00e3es Extraordin\u00e1rias\u201d emociona com fotografias e relatos de mulheres que vivem maternidades reais, por vezes invisibilizadas. Idealizado por Bel Acosta, o projeto revela hist\u00f3rias marcadas por desafios como a cria\u00e7\u00e3o de filhos com defici\u00eancia, processos de transi\u00e7\u00e3o de g\u00eanero, viol\u00eancias estruturais e desigualdades sociais. \u201cEste projeto nasceu da escuta e da urg\u00eancia de trazer essas viv\u00eancias para o centro da conversa. S\u00e3o m\u00e3es que desafiam estruturas e ressignificam o que \u00e9 ser m\u00e3e nos dias de hoje\u201d, afirma Bel.<\/p>\n\n\n\n<p>No dia 17 de maio, \u00e0s 15h, a exposi\u00e7\u00e3o contar\u00e1 com uma exibi\u00e7\u00e3o do document\u00e1rio \u201cM\u00e3es Extraordin\u00e1rias\u201d, seguida da roda de conversa \u201cMulheres transformadas para transformar \u2013 a maternidade e seu valor no centro do mundo\u201d, que reunir\u00e1 m\u00e3es participantes do projeto em um encontro de escuta, acolhimento e partilha.<\/p>\n\n\n\n<p>Para Tiago Corr\u00eaa, administrador do Shopping Vilarejo, as exposi\u00e7\u00f5es oferecem ao p\u00fablico mais do que beleza. \u201cAs mostras revelam algo profundo. Seja pelo olhar po\u00e9tico das flores ou pela pot\u00eancia das hist\u00f3rias reais, elas convidam \u00e0 pausa, \u00e0 reflex\u00e3o e ao reconhecimento do que realmente importa: o afeto, o cuidado e a presen\u00e7a\u201d, afirma.<\/p>\n\n\n\n<p><strong>Servi\u00e7o:<\/strong><\/p>\n\n\n\n<p><strong>Exposi\u00e7\u00e3o FlorEss\u00eancia<\/strong><strong>&nbsp;<\/strong><strong><\/strong><\/p>\n\n\n\n<p><strong><\/strong><strong>&nbsp;Data:<\/strong>&nbsp;02 a 11 de maio<\/p>\n\n\n\n<p><strong><\/strong><strong>&nbsp;Hor\u00e1rio:&nbsp;<\/strong>Durante o funcionamento do Shopping<\/p>\n\n\n\n<p><img decoding=\"async\" alt=\"\ud83c\udf9f\" src=\"https:\/\/fonts.gstatic.com\/s\/e\/notoemoji\/16.0\/1f39f\/32.png\">&nbsp;Evento gratuito<\/p>\n\n\n\n<p><strong>Exposi\u00e7\u00e3o \u201cM\u00e3es Extraordin\u00e1rias\u201d<\/strong>&nbsp;<strong><\/strong><strong><\/strong><\/p>\n\n\n\n<p><strong><\/strong><strong>&nbsp;Data:<\/strong>&nbsp;30 de abril at\u00e9 18 de maio<\/p>\n\n\n\n<p><strong><\/strong><strong>&nbsp;Hor\u00e1rio:&nbsp;<\/strong>Durante o funcionamento do Shopping<br><img decoding=\"async\" alt=\"\ud83c\udf9f\" src=\"https:\/\/fonts.gstatic.com\/s\/e\/notoemoji\/16.0\/1f39f\/32.png\">&nbsp;Evento gratuito<\/p>\n\n\n\n<p><img decoding=\"async\" alt=\"\ud83d\udcac\" src=\"https:\/\/fonts.gstatic.com\/s\/e\/notoemoji\/16.0\/1f4ac\/32.png\"><strong>Exibi\u00e7\u00e3o de document\u00e1rio + Roda de Conversa<\/strong>&nbsp;<strong><\/strong><strong><\/strong><\/p>\n\n\n\n<p><img decoding=\"async\" alt=\"\ud83d\udcc5\" src=\"https:\/\/fonts.gstatic.com\/s\/e\/notoemoji\/16.0\/1f4c5\/32.png\">&nbsp;<strong>Data<\/strong>: 17 de maio (s\u00e1bado)<\/p>\n\n\n\n<p><img decoding=\"async\" alt=\"\ud83d\udd52\" src=\"https:\/\/fonts.gstatic.com\/s\/e\/notoemoji\/16.0\/1f552\/32.png\"><strong>&nbsp;Hor\u00e1rio:&nbsp;<\/strong>A partir das 15h<\/p>\n\n\n\n<p><img decoding=\"async\" alt=\"\ud83c\udf9f\" src=\"https:\/\/fonts.gstatic.com\/s\/e\/notoemoji\/16.0\/1f39f\/32.png\">&nbsp;Evento gratuito<\/p>\n","protected":false},"excerpt":{"rendered":"<p>Duas exposi\u00e7\u00f5es gratuitas convidam o p\u00fablico a refletir sobre a maternidade e a beleza de<\/p>\n","protected":false},"author":2,"featured_media":103506,"comment_status":"open","ping_status":"open","sticky":false,"template":"","format":"standard","meta":{"footnotes":""},"categories":[12],"tags":[],"class_list":["post-103505","post","type-post","status-publish","format-standard","has-post-thumbnail","hentry","category-cidade"],"_links":{"self":[{"href":"https:\/\/tvc16.com\/portal\/wp-json\/wp\/v2\/posts\/103505","targetHints":{"allow":["GET"]}}],"collection":[{"href":"https:\/\/tvc16.com\/portal\/wp-json\/wp\/v2\/posts"}],"about":[{"href":"https:\/\/tvc16.com\/portal\/wp-json\/wp\/v2\/types\/post"}],"author":[{"embeddable":true,"href":"https:\/\/tvc16.com\/portal\/wp-json\/wp\/v2\/users\/2"}],"replies":[{"embeddable":true,"href":"https:\/\/tvc16.com\/portal\/wp-json\/wp\/v2\/comments?post=103505"}],"version-history":[{"count":1,"href":"https:\/\/tvc16.com\/portal\/wp-json\/wp\/v2\/posts\/103505\/revisions"}],"predecessor-version":[{"id":103507,"href":"https:\/\/tvc16.com\/portal\/wp-json\/wp\/v2\/posts\/103505\/revisions\/103507"}],"wp:featuredmedia":[{"embeddable":true,"href":"https:\/\/tvc16.com\/portal\/wp-json\/wp\/v2\/media\/103506"}],"wp:attachment":[{"href":"https:\/\/tvc16.com\/portal\/wp-json\/wp\/v2\/media?parent=103505"}],"wp:term":[{"taxonomy":"category","embeddable":true,"href":"https:\/\/tvc16.com\/portal\/wp-json\/wp\/v2\/categories?post=103505"},{"taxonomy":"post_tag","embeddable":true,"href":"https:\/\/tvc16.com\/portal\/wp-json\/wp\/v2\/tags?post=103505"}],"curies":[{"name":"wp","href":"https:\/\/api.w.org\/{rel}","templated":true}]}}