{"id":103508,"date":"2025-05-01T10:22:44","date_gmt":"2025-05-01T13:22:44","guid":{"rendered":"https:\/\/tvc16.com\/portal\/?p=103508"},"modified":"2025-05-01T10:27:43","modified_gmt":"2025-05-01T13:27:43","slug":"1o-de-maio-pec-do-fim-da-escala-6x1-continua-fora-da-pauta-da-camara","status":"publish","type":"post","link":"https:\/\/tvc16.com\/portal\/2025\/05\/01\/1o-de-maio-pec-do-fim-da-escala-6x1-continua-fora-da-pauta-da-camara\/","title":{"rendered":"1\u00ba de Maio: PEC do Fim da Escala 6&#215;1 continua fora da pauta da C\u00e2mara"},"content":{"rendered":"\n<p><em>Press\u00e3o de trabalhadores nas ruas e redes sociais deu for\u00e7a \u00e0 proposta<\/em><\/p>\n\n\n\n<p>Por Lucas Pordeus Le\u00f3n \u2013 Rep\u00f3rter da Ag\u00eancia Brasil <\/p>\n\n\n\n<p><\/p>\n\n\n\n<p><a href=\"https:\/\/agenciabrasil.ebc.com.br\/politica\/noticia\/2025-02\/pec-contra-escala-6x1-e-protocolada-na-camara-com-234-assinaturas\" target=\"_blank\" rel=\"noreferrer noopener\"><strong>Mais de dois meses ap\u00f3s ser protocolada na C\u00e2mara dos Deputados, a proposta de emenda \u00e0 Constitui\u00e7\u00e3o (PEC) que acaba com a escala de seis dias de trabalho por um de folga (6&#215;1) continua da pauta de vota\u00e7\u00e3o do Parlamento brasileiro.<\/strong><\/a><img decoding=\"async\" src=\"https:\/\/agenciabrasil.ebc.com.br\/ebc.png?id=1641136&amp;o=node\"><img decoding=\"async\" src=\"https:\/\/agenciabrasil.ebc.com.br\/ebc.gif?id=1641136&amp;o=node\"><\/p>\n\n\n\n<p>N\u00e3o houve avan\u00e7o na tramita\u00e7\u00e3o da mat\u00e9ria, uma vez que n\u00e3o foi instalada comiss\u00e3o especial para analisar o tema, nem a presid\u00eancia da C\u00e2mara enviou a PEC para a Comiss\u00e3o de Constitui\u00e7\u00e3o e Justi\u00e7a (CCJ) emitir parecer.<\/p>\n\n\n\n<p>Para este 1\u00ba de Maio, Dia do Trabalhador, a&nbsp;<strong>Ag\u00eancia Brasil<\/strong>&nbsp;conversou com l\u00edderes da C\u00e2mara para entender como anda a tramita\u00e7\u00e3o das propostas para redu\u00e7\u00e3o da jornada de trabalho no Brasil, atualmente em 44 horas semanais.<\/p>\n\n\n\n<p><strong>A PEC 6&#215;1 ganhou for\u00e7a no ano passado por meio da press\u00e3o de trabalhadores nas ruas e redes sociais, gerando amplo debate sobre o tema na sociedade e nos meios de comunica\u00e7\u00e3o.<\/strong><\/p>\n\n\n\n<p><a href=\"https:\/\/agenciabrasil.ebc.com.br\/economia\/noticia\/2025-04\/seis-em-cada-10-brasileiros-apoiam-a-reducao-da-jornada-de-trabalho\" target=\"_blank\" rel=\"noreferrer noopener\">Uma pesquisa da Nexus mostrou que 65% dos brasileiros s\u00e3o favor\u00e1veis \u00e0 redu\u00e7\u00e3o da jornada de trabalho, n\u00famero que chega a 76% entre jovens de 16 a 24 anos.&nbsp;<\/a><\/p>\n\n\n\n<figure class=\"wp-block-image\"><img decoding=\"async\" src=\"https:\/\/imagens.ebc.com.br\/Pp8S7zATdwZ-xAlPjVXn77cirHs=\/463x0\/smart\/https:\/\/agenciabrasil.ebc.com.br\/sites\/default\/files\/thumbnails\/image\/pzzb8031.jpg?itok=jM4Hou5_\" alt=\"Bras\u00edlia\/DF, 13\/07\/2023, A deputada federal, Tal\u00edria Petrone, durante debate sobre combate ao neofascismo, no 59\u00ba Congresso da Uni\u00e3o Nacional dos Estudantes (UNE). Foto: Jos\u00e9 Cruz\/Ag\u00eancia Brasil\" title=\"Jos\u00e9 Cruz\/Ag\u00eancia Brasil\"\/><\/figure>\n\n\n\n<p>L\u00edder do PSOL, Tal\u00edria Petrone, diz que agenda do fim da escala 6&#215;1 \u00e9 a pr\u00f3xima prioridade na C\u00e2mara dos Deputados &#8211;&nbsp;<strong>Jos\u00e9 Cruz\/Arquivo\/Ag\u00eancia Brasil<\/strong><\/p>\n\n\n\n<p><a href=\"http:\/\/https\/\/agenciabrasil.ebc.com.br\/politica\/noticia\/2025-04\/camara-decide-adiar-debate-sobre-urgencia-do-pl-da-anistia\" target=\"_blank\" rel=\"noreferrer noopener\">A l\u00edder do PSOL na C\u00e2mara, Tal\u00edria Petrone (RJ), mesmo partido da autora da proposta, deputada Erica Hilton (RJ), informou que a bancada se concentrou, neste in\u00edcio de ano, em impedir a vota\u00e7\u00e3o do projeto que concede anistia aos condenados por golpe de Estado no Brasil, al\u00e9m da proposta da isen\u00e7\u00e3o do Imposto de Renda (IR) para quem ganha at\u00e9 R$ 5 mil reais.<\/a><\/p>\n\n\n\n<blockquote class=\"wp-block-quote is-layout-flow wp-block-quote-is-layout-flow\">\n<p>\u201cA agenda do fim da escala 6&#215;1 \u00e9 a pr\u00f3xima prioridade. A gente vai levar para o col\u00e9gio de l\u00edderes a necessidade de abrir a comiss\u00e3o especial relativa a essa PEC. Tenho certeza [de] que a gente vai conseguir fazer uma press\u00e3o, inclusive junto com o governo, para que essa PEC avance na C\u00e2mara\u201d, disse Tal\u00edria<\/p>\n<\/blockquote>\n\n\n\n<h2 class=\"wp-block-heading\">Na fila<\/h2>\n\n\n\n<p><strong>J\u00e1 o l\u00edder do governo na C\u00e2mara, Jos\u00e9 Guimar\u00e3es (PT-CE), disse que o governo quer entrar nesse assunto, mas que a pauta da C\u00e2mara est\u00e1 cheia, pelo menos, nas pr\u00f3ximas duas semanas.<\/strong><\/p>\n\n\n\n<blockquote class=\"wp-block-quote is-layout-flow wp-block-quote-is-layout-flow\">\n<p>\u201c\u00c9 fundamental que essa PEC entre no debate aqui da Casa. N\u00e3o podemos deixar de considerar uma proposta que \u00e9 fundamental para atender uma demanda da sociedade. O fim dessa escala 6&#215;1 \u00e9 uma necessidade, hoje, do Brasil e das grandes economias do mundo\u201d, pontuou.<\/p>\n<\/blockquote>\n\n\n\n<p>Defendida abertamente por partidos ligados ao campo da centro-esquerda, a PEC do Fim da Escala 6&#215;1 ainda n\u00e3o entrou nas discuss\u00f5es de partidos da centro-direita ou extrema-direita.<\/p>\n\n\n\n<p>O l\u00edder do MDB na C\u00e2mara, Isnaldo Bulh\u00f5es (AL), que comp\u00f5e a base do governo Lula, explicou \u00e0<strong>&nbsp;Ag\u00eancia Brasil<\/strong>&nbsp;que o tema n\u00e3o foi tratado ainda pela bancada porque n\u00e3o est\u00e1 na ordem do dia.<\/p>\n\n\n\n<p>\u201cTudo que tramita tem chance de ser aprovado, mas essa pauta ainda n\u00e3o est\u00e1 na ordem do dia.&nbsp;<a href=\"https:\/\/agenciabrasil.ebc.com.br\/politica\/noticia\/2025-04\/ccj-da-camara-nega-recurso-contra-cassacao-do-mandato-de-glauber-braga\" target=\"_blank\" rel=\"noreferrer noopener\">Aqui s\u00f3 se est\u00e1 falando de anistia e do deputado Glauber [Braga, que teve pedido de cassa\u00e7\u00e3o aceito no Conselho de \u00c9tica]<\/a>\u201d, informou.<\/p>\n\n\n\n<figure class=\"wp-block-image\"><img decoding=\"async\" src=\"https:\/\/imagens.ebc.com.br\/FZUhqYGJOuFGkm8qBCp4-ARefyM=\/463x0\/smart\/https:\/\/agenciabrasil.ebc.com.br\/sites\/default\/files\/thumbnails\/image\/2024\/12\/19\/img_6939.jpg?itok=p83YvsNq\" alt=\"Bras\u00edlia (DF) 19-12-2024 Deputado S\u00f3stenes Cavalcante durante coletiva a imprensa no sal\u00e3o verde da C\u00e2mara dos Deputados. Foto Lula Marques\/ Ag\u00eancia Brasil\" title=\"Lula Marques\/ Ag\u00eancia Brasil\"\/><\/figure>\n\n\n\n<p>O l\u00edder do PL, S\u00f3stenes Cavalcante, afirma que, se quiser, o governo tem for\u00e7a para fazer a mat\u00e9ria andar &#8211;&nbsp;<strong>Lula Marques\/Arquivo\/Ag\u00eancia Brasil<\/strong><\/p>\n\n\n\n<p>O l\u00edder do PL na C\u00e2mara, S\u00f3stenes Cavalcante (PL-RJ), do principal partido de oposi\u00e7\u00e3o, acusou o governo de n\u00e3o trabalhar a favor da PEC 6&#215;1.<\/p>\n\n\n\n<blockquote class=\"wp-block-quote is-layout-flow wp-block-quote-is-layout-flow\">\n<p>\u201cO col\u00e9gio de l\u00edderes nunca discutiu isso. Se o governo quiser, ele tem for\u00e7a para fazer a mat\u00e9ria andar, mas at\u00e9 agora n\u00e3o tenho sentido nenhum interesse do governo em fazer essa pauta avan\u00e7ar\u201d, disse.<\/p>\n<\/blockquote>\n\n\n\n<p>S\u00f3stenes acrescentou que o PL ainda n\u00e3o discutiu o assunto. \u201cAinda n\u00e3o temos posi\u00e7\u00e3o fechada. At\u00e9 porque, para mim, n\u00e3o passa de uma plataforma pol\u00edtica de alguns da esquerda\u201d, completou.<\/p>\n\n\n\n<p>J\u00e1 o l\u00edder do PT na Casa, deputado Lindbergh Farias (RJ), disse \u00e0&nbsp;<strong>Ag\u00eancia Brasil<\/strong>&nbsp;que s\u00e3o tr\u00eas as pautas priorit\u00e1rias do partido no Congresso: o projeto de isen\u00e7\u00e3o do IR para quem ganha at\u00e9 R$ 5 mil, o julgamento pela trama golpista \u201csem anistia\u201d e a PEC com o fim da 6&#215;1.&nbsp;<strong>&#8220;\u00c9 uma pauta central. A gente quer que ela seja avaliada pela CCJ e criada uma Comiss\u00e3o Especial para ela.\u201d<\/strong><\/p>\n\n\n\n<h2 class=\"wp-block-heading\">Resist\u00eancia<\/h2>\n\n\n\n<p>A pauta sofre resist\u00eancia de setores empresariais que alegam que a medida levaria ao aumento dos custos operacionais das empresas, segundo defendeu a entidade patronal Confedera\u00e7\u00e3o Nacional do Com\u00e9rcio de Bens, Servi\u00e7os e Turismo (CNC).<\/p>\n\n\n\n<p>Tal\u00edria Petrone disse que \u00e9 poss\u00edvel vencer as resist\u00eancias com a mobiliza\u00e7\u00e3o dos trabalhadores que precisam pressionar os parlamentares a reduzir a carga hor\u00e1ria de trabalho.<\/p>\n\n\n\n<blockquote class=\"wp-block-quote is-layout-flow wp-block-quote-is-layout-flow\">\n<p>\u201cEssa pauta ganhou visibilidade com a mobiliza\u00e7\u00e3o popular. Ent\u00e3o, contamos com a mobiliza\u00e7\u00e3o desses trabalhadores para pressionarem os deputados que atendem o lobby do empresariado para que n\u00e3o barrem essa PEC. Vai haver um constrangimento. O deputado vai ser contra aquele trabalhador que n\u00e3o consegue ver seu filho acordado nenhum dia?\u201d, questionou.<\/p>\n<\/blockquote>\n\n\n\n<h2 class=\"wp-block-heading\">Entenda<\/h2>\n\n\n\n<p><strong>Pauta hist\u00f3rica das organiza\u00e7\u00f5es de trabalhadores, a redu\u00e7\u00e3o da jornada de trabalho ganhou novo impulso com a mobiliza\u00e7\u00e3o pelo fim da escala 6&#215;1.<\/strong><\/p>\n\n\n\n<p><strong>A PEC altera o Inciso XII do Artigo 7\u00ba da Constitui\u00e7\u00e3o brasileira, que passaria a vigorar com a seguinte reda\u00e7\u00e3o: \u201cdura\u00e7\u00e3o do trabalho normal n\u00e3o superior a oito horas di\u00e1rias e trinta e seis horas semanais, com jornada de trabalho de quatro dias por semana, facultada a compensa\u00e7\u00e3o de hor\u00e1rios e a redu\u00e7\u00e3o de jornada, mediante acordo ou conven\u00e7\u00e3o coletiva de trabalho\u201d.<\/strong><\/p>\n\n\n\n<p>Para uma PEC ser aprovada na C\u00e2mara, s\u00e3o necess\u00e1rios os votos de pelo menos 308 dos 513 deputados, em dois turnos de vota\u00e7\u00e3o.<\/p>\n\n\n\n<p><strong>Existem mais duas PECs que tratam da redu\u00e7\u00e3o de jornada no Congresso Nacional. Uma delas (PEC 221\/2019), apresentada em 2019 pelo deputado Reginaldo Lopes (PT-MG), prop\u00f5e uma redu\u00e7\u00e3o, em um prazo de dez anos, de 44 horas semanais por 36 horas semanais de trabalho sem redu\u00e7\u00e3o de sal\u00e1rio.<\/strong><\/p>\n","protected":false},"excerpt":{"rendered":"<p>Press\u00e3o de trabalhadores nas ruas e redes sociais deu for\u00e7a \u00e0 proposta Por Lucas Pordeus<\/p>\n","protected":false},"author":2,"featured_media":48780,"comment_status":"open","ping_status":"open","sticky":false,"template":"","format":"standard","meta":{"footnotes":""},"categories":[17],"tags":[],"class_list":["post-103508","post","type-post","status-publish","format-standard","has-post-thumbnail","hentry","category-outras-noticias"],"_links":{"self":[{"href":"https:\/\/tvc16.com\/portal\/wp-json\/wp\/v2\/posts\/103508","targetHints":{"allow":["GET"]}}],"collection":[{"href":"https:\/\/tvc16.com\/portal\/wp-json\/wp\/v2\/posts"}],"about":[{"href":"https:\/\/tvc16.com\/portal\/wp-json\/wp\/v2\/types\/post"}],"author":[{"embeddable":true,"href":"https:\/\/tvc16.com\/portal\/wp-json\/wp\/v2\/users\/2"}],"replies":[{"embeddable":true,"href":"https:\/\/tvc16.com\/portal\/wp-json\/wp\/v2\/comments?post=103508"}],"version-history":[{"count":1,"href":"https:\/\/tvc16.com\/portal\/wp-json\/wp\/v2\/posts\/103508\/revisions"}],"predecessor-version":[{"id":103509,"href":"https:\/\/tvc16.com\/portal\/wp-json\/wp\/v2\/posts\/103508\/revisions\/103509"}],"wp:featuredmedia":[{"embeddable":true,"href":"https:\/\/tvc16.com\/portal\/wp-json\/wp\/v2\/media\/48780"}],"wp:attachment":[{"href":"https:\/\/tvc16.com\/portal\/wp-json\/wp\/v2\/media?parent=103508"}],"wp:term":[{"taxonomy":"category","embeddable":true,"href":"https:\/\/tvc16.com\/portal\/wp-json\/wp\/v2\/categories?post=103508"},{"taxonomy":"post_tag","embeddable":true,"href":"https:\/\/tvc16.com\/portal\/wp-json\/wp\/v2\/tags?post=103508"}],"curies":[{"name":"wp","href":"https:\/\/api.w.org\/{rel}","templated":true}]}}