{"id":103510,"date":"2025-05-01T10:26:55","date_gmt":"2025-05-01T13:26:55","guid":{"rendered":"https:\/\/tvc16.com\/portal\/?p=103510"},"modified":"2025-05-01T10:26:56","modified_gmt":"2025-05-01T13:26:56","slug":"vereadora-aprova-indicacao-que-propoe-tarifa-zero-no-transporte-publico-no-dia-1o-de-maio-em-petropolis","status":"publish","type":"post","link":"https:\/\/tvc16.com\/portal\/2025\/05\/01\/vereadora-aprova-indicacao-que-propoe-tarifa-zero-no-transporte-publico-no-dia-1o-de-maio-em-petropolis\/","title":{"rendered":"Vereadora aprova indica\u00e7\u00e3o que prop\u00f5e tarifa zero no transporte p\u00fablico no dia 1\u00ba de maio em Petr\u00f3polis"},"content":{"rendered":"\n<p>Na sess\u00e3o legislativa desta quarta-feira (30), a C\u00e2mara Municipal de Petr\u00f3polis aprovou, em regime de urg\u00eancia, a indica\u00e7\u00e3o de autoria da vereadora Professora L\u00edvia que solicita ao Executivo Municipal a implementa\u00e7\u00e3o de tarifa zero no transporte p\u00fablico no dia 1\u00ba de Maio, feriado nacional em comemora\u00e7\u00e3o ao Dia do Trabalhador. <\/p>\n\n\n\n<p>A proposta tem como objetivo garantir o acesso gratuito ao transporte coletivo durante o feriado, ampliando o direito de circula\u00e7\u00e3o de trabalhadoras e trabalhadores, especialmente para que possam participar das atividades comemorativas organizadas na cidade, como shows e eventos culturais em espa\u00e7os p\u00fablicos com apoio da Prefeitura.<\/p>\n\n\n\n<p>&#8220;A tarifa zero no Dia do Trabalhador \u00e9 uma medida de justi\u00e7a social. O transporte representa, em m\u00e9dia, cerca de 30% dos gastos mensais da classe trabalhadora. No 1\u00ba de Maio, queremos garantir que ningu\u00e9m fique impedido de participar das atividades por falta de recursos&#8221;_, destacou a vereadora.<\/p>\n\n\n\n<p>A iniciativa, que tamb\u00e9m j\u00e1 foi praticada em Petr\u00f3polis em anos anteriores, segue o exemplo de outras cidades brasileiras que j\u00e1 adotam a tarifa gratuita em datas simb\u00f3licas e de grande&nbsp;mobiliza\u00e7\u00e3o popular.<\/p>\n\n\n\n<p><\/p>\n\n\n\n<p><strong>Comunicado Setranspetro<\/strong><\/p>\n\n\n\n<p>Amanh\u00e3, dia 1\u00ba de maio, a tarifa do transporte coletivo urbano, em Petr\u00f3polis, ser\u00e1 praticada normalmente. O Setranspetro esclarece que o sistema est\u00e1 absolutamente dispon\u00edvel para discutir o assunto da tarifa do transporte coletivo, com a devida seriedade, aten\u00e7\u00e3o e transpar\u00eancia, com qualquer pessoa da sociedade.<\/p>\n\n\n\n<p>O Setranspetro ainda esclarece que nem existe tempo h\u00e1bil para preparar qualquer sistema para altera\u00e7\u00e3o tarif\u00e1ria para o dia 1\u00ba de maio, e que qualquer gratuidade praticada \u00e9 necessariamente paga pelo passageiro pagante, com exce\u00e7\u00e3o dos estudantes da rede municipal, que s\u00e3o custeados pelo vale-educa\u00e7\u00e3o.<\/p>\n","protected":false},"excerpt":{"rendered":"<p>Na sess\u00e3o legislativa desta quarta-feira (30), a C\u00e2mara Municipal de Petr\u00f3polis aprovou, em regime de<\/p>\n","protected":false},"author":2,"featured_media":92939,"comment_status":"open","ping_status":"open","sticky":false,"template":"","format":"standard","meta":{"footnotes":""},"categories":[12],"tags":[],"class_list":["post-103510","post","type-post","status-publish","format-standard","has-post-thumbnail","hentry","category-cidade"],"_links":{"self":[{"href":"https:\/\/tvc16.com\/portal\/wp-json\/wp\/v2\/posts\/103510","targetHints":{"allow":["GET"]}}],"collection":[{"href":"https:\/\/tvc16.com\/portal\/wp-json\/wp\/v2\/posts"}],"about":[{"href":"https:\/\/tvc16.com\/portal\/wp-json\/wp\/v2\/types\/post"}],"author":[{"embeddable":true,"href":"https:\/\/tvc16.com\/portal\/wp-json\/wp\/v2\/users\/2"}],"replies":[{"embeddable":true,"href":"https:\/\/tvc16.com\/portal\/wp-json\/wp\/v2\/comments?post=103510"}],"version-history":[{"count":1,"href":"https:\/\/tvc16.com\/portal\/wp-json\/wp\/v2\/posts\/103510\/revisions"}],"predecessor-version":[{"id":103511,"href":"https:\/\/tvc16.com\/portal\/wp-json\/wp\/v2\/posts\/103510\/revisions\/103511"}],"wp:featuredmedia":[{"embeddable":true,"href":"https:\/\/tvc16.com\/portal\/wp-json\/wp\/v2\/media\/92939"}],"wp:attachment":[{"href":"https:\/\/tvc16.com\/portal\/wp-json\/wp\/v2\/media?parent=103510"}],"wp:term":[{"taxonomy":"category","embeddable":true,"href":"https:\/\/tvc16.com\/portal\/wp-json\/wp\/v2\/categories?post=103510"},{"taxonomy":"post_tag","embeddable":true,"href":"https:\/\/tvc16.com\/portal\/wp-json\/wp\/v2\/tags?post=103510"}],"curies":[{"name":"wp","href":"https:\/\/api.w.org\/{rel}","templated":true}]}}