{"id":103512,"date":"2025-05-01T10:33:59","date_gmt":"2025-05-01T13:33:59","guid":{"rendered":"https:\/\/tvc16.com\/portal\/?p=103512"},"modified":"2025-05-01T10:34:00","modified_gmt":"2025-05-01T13:34:00","slug":"mprj-recomenda-reavaliacao-de-nomeacoes-com-indicios-de-nepotismo-em-teresopolis","status":"publish","type":"post","link":"https:\/\/tvc16.com\/portal\/2025\/05\/01\/mprj-recomenda-reavaliacao-de-nomeacoes-com-indicios-de-nepotismo-em-teresopolis\/","title":{"rendered":"MPRJ recomenda reavalia\u00e7\u00e3o de nomea\u00e7\u00f5es com ind\u00edcios de nepotismo em Teres\u00f3polis\u00a0"},"content":{"rendered":"\n<p>A 2\u00aa Promotoria de Justi\u00e7a de Tutela Coletiva do N\u00facleo Teres\u00f3polis expediu Recomenda\u00e7\u00e3o para que o Munic\u00edpio reavalie a legalidade das contrata\u00e7\u00f5es e nomea\u00e7\u00f5es realizadas desde 1\u00ba de janeiro de 2025. O documento refere-se aos cargos tempor\u00e1rios e de livre nomea\u00e7\u00e3o e exonera\u00e7\u00e3o, com base na S\u00famula Vinculante n\u00ba 13 do Supremo Tribunal Federal (STF), que trata da veda\u00e7\u00e3o ao nepotismo.&nbsp;<\/p>\n\n\n\n<p>A medida foi adotada no inqu\u00e9rito civil instaurado pelo Minist\u00e9rio P\u00fablico do Estado do Rio de Janeiro (MPRJ), que apura den\u00fancias de nomea\u00e7\u00f5es de parentes em cargos p\u00fablicos nas secretarias de Sa\u00fade, Obras e Servi\u00e7os P\u00fablicos, Assist\u00eancia Social e Direitos Humanos, al\u00e9m da Procuradoria-Geral do Munic\u00edpio.<\/p>\n\n\n\n<p>Al\u00e9m da reavalia\u00e7\u00e3o das nomea\u00e7\u00f5es j\u00e1 realizadas, o MPRJ recomendou ao prefeito Leonardo Vasconcellos que exija de todos os ocupantes de cargos p\u00fablicos n\u00e3o eletivos uma declara\u00e7\u00e3o formal. O documento deve atestar a inexist\u00eancia de v\u00ednculo familiar \u2014 at\u00e9 o terceiro grau \u2014 com a autoridade respons\u00e1vel pela nomea\u00e7\u00e3o ou com outro servidor da mesma estrutura administrativa.&nbsp;<\/p>\n\n\n\n<p>A Promotoria ressalta que a pr\u00e1tica de nepotismo viola os princ\u00edpios constitucionais da impessoalidade, moralidade e efici\u00eancia na administra\u00e7\u00e3o p\u00fablica. O entendimento do STF abrange nomea\u00e7\u00f5es para cargos pol\u00edticos, comissionados, fun\u00e7\u00f5es gratificadas e contrata\u00e7\u00f5es tempor\u00e1rias.&nbsp;<\/p>\n\n\n\n<p>Expedida em 07 de abril, a Recomenda\u00e7\u00e3o estabelece o prazo de 30 dias para que o Munic\u00edpio de Teres\u00f3polis informe ao MPRJ se acatar\u00e1 a orienta\u00e7\u00e3o e quais provid\u00eancias adotar\u00e1.&nbsp;<\/p>\n","protected":false},"excerpt":{"rendered":"<p>A 2\u00aa Promotoria de Justi\u00e7a de Tutela Coletiva do N\u00facleo Teres\u00f3polis expediu Recomenda\u00e7\u00e3o para que<\/p>\n","protected":false},"author":2,"featured_media":92264,"comment_status":"open","ping_status":"open","sticky":false,"template":"","format":"standard","meta":{"footnotes":""},"categories":[17],"tags":[],"class_list":["post-103512","post","type-post","status-publish","format-standard","has-post-thumbnail","hentry","category-outras-noticias"],"_links":{"self":[{"href":"https:\/\/tvc16.com\/portal\/wp-json\/wp\/v2\/posts\/103512","targetHints":{"allow":["GET"]}}],"collection":[{"href":"https:\/\/tvc16.com\/portal\/wp-json\/wp\/v2\/posts"}],"about":[{"href":"https:\/\/tvc16.com\/portal\/wp-json\/wp\/v2\/types\/post"}],"author":[{"embeddable":true,"href":"https:\/\/tvc16.com\/portal\/wp-json\/wp\/v2\/users\/2"}],"replies":[{"embeddable":true,"href":"https:\/\/tvc16.com\/portal\/wp-json\/wp\/v2\/comments?post=103512"}],"version-history":[{"count":1,"href":"https:\/\/tvc16.com\/portal\/wp-json\/wp\/v2\/posts\/103512\/revisions"}],"predecessor-version":[{"id":103513,"href":"https:\/\/tvc16.com\/portal\/wp-json\/wp\/v2\/posts\/103512\/revisions\/103513"}],"wp:featuredmedia":[{"embeddable":true,"href":"https:\/\/tvc16.com\/portal\/wp-json\/wp\/v2\/media\/92264"}],"wp:attachment":[{"href":"https:\/\/tvc16.com\/portal\/wp-json\/wp\/v2\/media?parent=103512"}],"wp:term":[{"taxonomy":"category","embeddable":true,"href":"https:\/\/tvc16.com\/portal\/wp-json\/wp\/v2\/categories?post=103512"},{"taxonomy":"post_tag","embeddable":true,"href":"https:\/\/tvc16.com\/portal\/wp-json\/wp\/v2\/tags?post=103512"}],"curies":[{"name":"wp","href":"https:\/\/api.w.org\/{rel}","templated":true}]}}