{"id":103519,"date":"2025-05-02T06:00:00","date_gmt":"2025-05-02T09:00:00","guid":{"rendered":"https:\/\/tvc16.com\/portal\/?p=103519"},"modified":"2025-05-01T10:46:20","modified_gmt":"2025-05-01T13:46:20","slug":"programa-amamenta-petropolis-e-destaque-em-livro-de-boas-praticas-do-sus","status":"publish","type":"post","link":"https:\/\/tvc16.com\/portal\/2025\/05\/02\/programa-amamenta-petropolis-e-destaque-em-livro-de-boas-praticas-do-sus\/","title":{"rendered":"Programa \u201cAmamenta Petr\u00f3polis\u201d \u00e9 destaque em livro de boas pr\u00e1ticas do SUS"},"content":{"rendered":"\n<p>A amamenta\u00e7\u00e3o de beb\u00eas em Centros de Educa\u00e7\u00e3o Infantil (CEIs) de Petr\u00f3polis foi destaque no livro \u201cO Sus no territ\u00f3rio fluminense: A parceria do Cosems RJ e IdeiaSus Fiocruz\u201d. A iniciativa faz parte do projeto \u201cAmamenta Petr\u00f3polis\u201d criado em 2020, a partir da Lei Municipal n\u00ba 8.029, de autoria do atual prefeito da cidade, Hingo Hammes, quando ainda era vereador.<\/p>\n\n\n\n<p>\u201cA lei surgiu quando tomei conhecimento da ang\u00fastia das m\u00e3es que precisavam voltar ao trabalho depois da licen\u00e7a maternidade e deixavam de amamentar seus filhos quando eram matriculados nos CEIs. Desta forma, conseguimos garantir a amamenta\u00e7\u00e3o ou armazenamento do leite materno na pr\u00f3pria creche\u201d, explicou o prefeito Hingo Hammes.<\/p>\n\n\n\n<p>O programa \u201cAmamenta Petr\u00f3polis\u201d garantiu treinamento aos profissionais dos Centros de Educa\u00e7\u00e3o Infantil, seguindo as normas da ANVISA, para orientarem as m\u00e3es sobre como poderiam se organizar e garantir a amamenta\u00e7\u00e3o dos seus filhos. Desta forma, elas podem continuar amamentando seus filhos no local ou por meio de ordenha que \u00e9 feita em ambiente adequado. O leite \u00e9 armazenado com o nome do beb\u00ea, e depois \u00e9 fornecido pelos pr\u00f3prios profissionais das creches.<\/p>\n\n\n\n<p>O lan\u00e7amento do livro foi nesta ter\u00e7a-feira (29) na sede da Funda\u00e7\u00e3o Oswaldo Cruz &#8211; Fiocruz, no Rio de janeiro, e contou com a presen\u00e7a do secret\u00e1rio de Sa\u00fade, Lu\u00eds Cruzick. As boas pr\u00e1ticas foram apresentadas pelo Conselho de Secretarias Municipais de Sa\u00fade do Estado do Rio De Janeiro (Cosems RJ) e apenas tr\u00eas iniciativas fluminenses foram selecionadas. Al\u00e9m de Petr\u00f3polis, participaram da publica\u00e7\u00e3o a\u00e7\u00f5es dos munic\u00edpios de Carmo, na Regi\u00e3o Serrana, e Volta Redonda, no Sul Fluminense.<\/p>\n\n\n\n<p>\u201cEu fiquei muito feliz de estar presente nesse momento t\u00e3o importante para a sa\u00fade p\u00fablica de Petr\u00f3polis. A sensibilidade dos profissionais de sa\u00fade que ouviram os anseios das m\u00e3es fez toda diferen\u00e7a e garantiu qualidade de vida para as nossas crian\u00e7as\u201d, comentou o Secret\u00e1rio de Sa\u00fade.<\/p>\n\n\n\n<p>O trabalho foi apresentado pela enfermeira Patr\u00edcia Santos, respons\u00e1vel do projeto, junto com a \u00c1rea T\u00e9cnica de Alimenta\u00e7\u00e3o e Nutri\u00e7\u00e3o, e a \u00c1rea T\u00e9cnica de Sa\u00fade da Crian\u00e7a. O livro ser\u00e1 distribu\u00eddo para outros munic\u00edpios e estar\u00e1 dispon\u00edvel em PDF na plataforma IdeiaSus.<\/p>\n\n\n\n<p>No pr\u00f3ximo dia 8 de maio o Centro Cultural Raul de Leoni vai abrigar um novo evento do \u201cAmamenta Petr\u00f3polis\u201d. Na oportunidade, ser\u00e1 enfatizada a import\u00e2ncia de promover a\u00e7\u00f5es de apoio \u00e0 amamenta\u00e7\u00e3o nas creches do munic\u00edpio.<\/p>\n","protected":false},"excerpt":{"rendered":"<p>A amamenta\u00e7\u00e3o de beb\u00eas em Centros de Educa\u00e7\u00e3o Infantil (CEIs) de Petr\u00f3polis foi destaque no<\/p>\n","protected":false},"author":2,"featured_media":103520,"comment_status":"open","ping_status":"open","sticky":false,"template":"","format":"standard","meta":{"footnotes":""},"categories":[12],"tags":[],"class_list":["post-103519","post","type-post","status-publish","format-standard","has-post-thumbnail","hentry","category-cidade"],"_links":{"self":[{"href":"https:\/\/tvc16.com\/portal\/wp-json\/wp\/v2\/posts\/103519","targetHints":{"allow":["GET"]}}],"collection":[{"href":"https:\/\/tvc16.com\/portal\/wp-json\/wp\/v2\/posts"}],"about":[{"href":"https:\/\/tvc16.com\/portal\/wp-json\/wp\/v2\/types\/post"}],"author":[{"embeddable":true,"href":"https:\/\/tvc16.com\/portal\/wp-json\/wp\/v2\/users\/2"}],"replies":[{"embeddable":true,"href":"https:\/\/tvc16.com\/portal\/wp-json\/wp\/v2\/comments?post=103519"}],"version-history":[{"count":1,"href":"https:\/\/tvc16.com\/portal\/wp-json\/wp\/v2\/posts\/103519\/revisions"}],"predecessor-version":[{"id":103521,"href":"https:\/\/tvc16.com\/portal\/wp-json\/wp\/v2\/posts\/103519\/revisions\/103521"}],"wp:featuredmedia":[{"embeddable":true,"href":"https:\/\/tvc16.com\/portal\/wp-json\/wp\/v2\/media\/103520"}],"wp:attachment":[{"href":"https:\/\/tvc16.com\/portal\/wp-json\/wp\/v2\/media?parent=103519"}],"wp:term":[{"taxonomy":"category","embeddable":true,"href":"https:\/\/tvc16.com\/portal\/wp-json\/wp\/v2\/categories?post=103519"},{"taxonomy":"post_tag","embeddable":true,"href":"https:\/\/tvc16.com\/portal\/wp-json\/wp\/v2\/tags?post=103519"}],"curies":[{"name":"wp","href":"https:\/\/api.w.org\/{rel}","templated":true}]}}