{"id":103522,"date":"2025-05-01T10:47:28","date_gmt":"2025-05-01T13:47:28","guid":{"rendered":"https:\/\/tvc16.com\/portal\/?p=103522"},"modified":"2025-05-01T10:47:29","modified_gmt":"2025-05-01T13:47:29","slug":"guarda-civil-tera-30-agentes-no-patrulhamento-do-entorno-do-parque-de-itaipava-durante-a-expo-petropolis","status":"publish","type":"post","link":"https:\/\/tvc16.com\/portal\/2025\/05\/01\/guarda-civil-tera-30-agentes-no-patrulhamento-do-entorno-do-parque-de-itaipava-durante-a-expo-petropolis\/","title":{"rendered":"Guarda Civil ter\u00e1 30 agentes no patrulhamento do entorno do Parque de Itaipava durante a Expo Petr\u00f3polis"},"content":{"rendered":"\n<p>Fiscaliza\u00e7\u00e3o de Posturas tamb\u00e9m vai atuar para coibir ambulantes irregulares no per\u00edmetro do evento<\/p>\n\n\n\n<p>A Guarda Civil ter\u00e1 30 agentes para atuar no patrulhamento no entorno do Parque Municipal Prefeito Paulo Rattes, em Itaipava, durante os quatro dias de Expo Petr\u00f3polis. O trabalho ainda contar\u00e1 com atua\u00e7\u00e3o de equipes da Fiscaliza\u00e7\u00e3o de Posturas, para coibir a presen\u00e7a de ambulantes irregulares, e da Pol\u00edcia Militar.<\/p>\n\n\n\n<p>Os \u00faltimos detalhes do esquema de seguran\u00e7a foram acertados em uma reuni\u00e3o na \u00faltima ter\u00e7a-feira (29\/04), realizada na Secretaria de Servi\u00e7os, Seguran\u00e7a e Ordem P\u00fablica (SSOP), com representantes de diversos \u00f3rg\u00e3os da gest\u00e3o municipal, da organiza\u00e7\u00e3o do evento e da PM.<\/p>\n\n\n\n<p>&#8220;A volta da Expo \u00e9 extremamente importante para fortalecer a nossa cidade e impulsionar o turismo, a economia, a cultura. A quest\u00e3o da seguran\u00e7a \u00e9 fundamental para o sucesso do evento e a uni\u00e3o de todos \u00e9 a chave para tudo dar certo&#8221;, destaca o prefeito Hingo Hammes.<\/p>\n\n\n\n<p>A empresa que organiza a Expo explicou que ter\u00e1 at\u00e9 150 funcion\u00e1rios para garantir a seguran\u00e7a do p\u00fablico e do patrim\u00f4nio do Parque. Os organizadores tamb\u00e9m v\u00e3o manter monitoramento por c\u00e2meras durante o evento. A entrada do Parque ser\u00e1 organizada com grades e o p\u00fablico passar\u00e1 por revista no acesso ao espa\u00e7o.<\/p>\n\n\n\n<p>Por parte da Guarda Civil, os agentes v\u00e3o atuar entre 14h e 04h. O \u00f4nibus de videomonitoramento tamb\u00e9m ser\u00e1 utilizado \u2013 o ve\u00edculo ficar\u00e1 no estacionamento do Hortomercado.<\/p>\n\n\n\n<p>A Fiscaliza\u00e7\u00e3o de Postura tamb\u00e9m vai atuar com dois fiscais e dois coordenadores por dia para coibir a presen\u00e7a de vendedores ambulantes irregulares entre o Trevo de Bonsucesso e o Shopping Esta\u00e7\u00e3o Locanda. Dez ambulantes (sendo dois food trucks) foram autorizados para atuar na \u00e1rea do Horto.<\/p>\n\n\n\n<p>&#8220;N\u00f3s queremos que todo o p\u00fablico que vai acompanhar os shows e todas as atra\u00e7\u00f5es possa aproveitar a Expo com seguran\u00e7a e tranquilidade e n\u00f3s estamos preparados para isso&#8221;, diz o secret\u00e1rio de Servi\u00e7os, Seguran\u00e7a e Ordem P\u00fablica, Marcelo Chit\u00e3o.<\/p>\n\n\n\n<p>Tamb\u00e9m participaram da reuni\u00e3o o presidente do Instituto Municipal de Cultura (IMC), Adenilson Honorato, o presidente da CPTrans, Luciano Moreira, a presidente da Comdep, Fernanda Ferreira, o secret\u00e1rio de Meio Ambiente, Pedro Alc\u00e2ntara, do comandante da Guarda Civil, Eliel Silveira, al\u00e9m de representantes da TurisPetro, Fiscaliza\u00e7\u00e3o de Posturas, da empresa organizadora da Expo, a Vivere, da Pol\u00edcia Militar e do programa Seguran\u00e7a Presente.<\/p>\n","protected":false},"excerpt":{"rendered":"<p>Fiscaliza\u00e7\u00e3o de Posturas tamb\u00e9m vai atuar para coibir ambulantes irregulares no per\u00edmetro do evento A<\/p>\n","protected":false},"author":2,"featured_media":103523,"comment_status":"open","ping_status":"open","sticky":false,"template":"","format":"standard","meta":{"footnotes":""},"categories":[12],"tags":[],"class_list":["post-103522","post","type-post","status-publish","format-standard","has-post-thumbnail","hentry","category-cidade"],"_links":{"self":[{"href":"https:\/\/tvc16.com\/portal\/wp-json\/wp\/v2\/posts\/103522","targetHints":{"allow":["GET"]}}],"collection":[{"href":"https:\/\/tvc16.com\/portal\/wp-json\/wp\/v2\/posts"}],"about":[{"href":"https:\/\/tvc16.com\/portal\/wp-json\/wp\/v2\/types\/post"}],"author":[{"embeddable":true,"href":"https:\/\/tvc16.com\/portal\/wp-json\/wp\/v2\/users\/2"}],"replies":[{"embeddable":true,"href":"https:\/\/tvc16.com\/portal\/wp-json\/wp\/v2\/comments?post=103522"}],"version-history":[{"count":1,"href":"https:\/\/tvc16.com\/portal\/wp-json\/wp\/v2\/posts\/103522\/revisions"}],"predecessor-version":[{"id":103524,"href":"https:\/\/tvc16.com\/portal\/wp-json\/wp\/v2\/posts\/103522\/revisions\/103524"}],"wp:featuredmedia":[{"embeddable":true,"href":"https:\/\/tvc16.com\/portal\/wp-json\/wp\/v2\/media\/103523"}],"wp:attachment":[{"href":"https:\/\/tvc16.com\/portal\/wp-json\/wp\/v2\/media?parent=103522"}],"wp:term":[{"taxonomy":"category","embeddable":true,"href":"https:\/\/tvc16.com\/portal\/wp-json\/wp\/v2\/categories?post=103522"},{"taxonomy":"post_tag","embeddable":true,"href":"https:\/\/tvc16.com\/portal\/wp-json\/wp\/v2\/tags?post=103522"}],"curies":[{"name":"wp","href":"https:\/\/api.w.org\/{rel}","templated":true}]}}