{"id":103525,"date":"2025-05-01T10:50:39","date_gmt":"2025-05-01T13:50:39","guid":{"rendered":"https:\/\/tvc16.com\/portal\/?p=103525"},"modified":"2025-05-01T10:50:39","modified_gmt":"2025-05-01T13:50:39","slug":"expo-2025-turp-transporte-amplia-oferta-de-viagens-de-onibus-em-itaipava","status":"publish","type":"post","link":"https:\/\/tvc16.com\/portal\/2025\/05\/01\/expo-2025-turp-transporte-amplia-oferta-de-viagens-de-onibus-em-itaipava\/","title":{"rendered":"Expo 2025: Turp Transporte amplia oferta de viagens de \u00f4nibus em Itaipava"},"content":{"rendered":"\n<p><em>Empresa realiza opera\u00e7\u00e3o especial, com aumento de at\u00e9 90% na oferta de hor\u00e1rios<\/em><\/p>\n\n\n\n<p>A Exposi\u00e7\u00e3o Agropecu\u00e1ria est\u00e1 prestes a come\u00e7ar e a empresa de \u00f4nibus Turp Transporte est\u00e1 preparada para realizar uma opera\u00e7\u00e3o especial, a partir desta quinta-feira (1\u00ba), com aumento de at\u00e9 90% na oferta de hor\u00e1rios, na liga\u00e7\u00e3o Centro-Itaipava. Al\u00e9m das linhas de \u00f4nibus tradicionais, a 790 \u2013 Exposi\u00e7\u00e3o vai levar o passageiro diretamente \u00e0 festa, tendo como pontos finais a Rua Paulo Barbosa e o Hortomercado Municipal.<\/p>\n\n\n\n<p>As linhas 077 \u2013 Itaipava (Executivo), 700 \u2013 Terminal Itaipava, 750 \u2013 Terminal Itaipava e a 790 \u2013 Exposi\u00e7\u00e3o, que atendem diretamente ao Parque de Exposi\u00e7\u00f5es, ter\u00e3o aumento de 90% na oferta de viagens no feriado e tamb\u00e9m no domingo, e, 87% na quantidade de viagens na sexta e no s\u00e1bado, chegando \u00e0 frequ\u00eancia de uma viagem a cada oito minutos, em hor\u00e1rios de pico.<\/p>\n\n\n\n<p>O atendimento tamb\u00e9m ser\u00e1 refor\u00e7ado ao longo de toda a madrugada, com partidas de \u00f4nibus a cada 10 minutos, entre meia-noite e 1h, e frequ\u00eancia a cada 15 minutos no restante da madrugada. A medida tem como objetivo atender a popula\u00e7\u00e3o que vai se deslocar \u00e0 Exposi\u00e7\u00e3o Agropecu\u00e1ria, sem prejudicar os demais passageiros, que j\u00e1 utilizam essas linhas.<\/p>\n\n\n\n<p>A empresa tamb\u00e9m vai refor\u00e7ar a opera\u00e7\u00e3o de outras 13 linhas de \u00f4nibus, que v\u00e3o operar com hor\u00e1rio de s\u00e1bado, durante todo o evento. Entre elas, est\u00e3o a 500 \u2013 Terminal Corr\u00eaas, 604 \u2013 Vila Epit\u00e1cio, 617 \u2013 Araras, 630 \u2013 Jardim Salvador, 631 \u2013 Roseiral, 633 \u2013 Comunidade do Neylor, 634 \u2013 Vale dos Esquilos, 636 \u2013 Alto Comunidade do Alem\u00e3o, 639 \u2013 Max Manoel Molter, 703 \u2013 Santa M\u00f4nica, 705 \u2013 Cuiab\u00e1, 707 \u2013 Fagundes e 711 \u2013 Posse.<\/p>\n","protected":false},"excerpt":{"rendered":"<p>Empresa realiza opera\u00e7\u00e3o especial, com aumento de at\u00e9 90% na oferta de hor\u00e1rios A Exposi\u00e7\u00e3o<\/p>\n","protected":false},"author":2,"featured_media":103526,"comment_status":"open","ping_status":"open","sticky":false,"template":"","format":"standard","meta":{"footnotes":""},"categories":[12],"tags":[],"class_list":["post-103525","post","type-post","status-publish","format-standard","has-post-thumbnail","hentry","category-cidade"],"_links":{"self":[{"href":"https:\/\/tvc16.com\/portal\/wp-json\/wp\/v2\/posts\/103525","targetHints":{"allow":["GET"]}}],"collection":[{"href":"https:\/\/tvc16.com\/portal\/wp-json\/wp\/v2\/posts"}],"about":[{"href":"https:\/\/tvc16.com\/portal\/wp-json\/wp\/v2\/types\/post"}],"author":[{"embeddable":true,"href":"https:\/\/tvc16.com\/portal\/wp-json\/wp\/v2\/users\/2"}],"replies":[{"embeddable":true,"href":"https:\/\/tvc16.com\/portal\/wp-json\/wp\/v2\/comments?post=103525"}],"version-history":[{"count":1,"href":"https:\/\/tvc16.com\/portal\/wp-json\/wp\/v2\/posts\/103525\/revisions"}],"predecessor-version":[{"id":103527,"href":"https:\/\/tvc16.com\/portal\/wp-json\/wp\/v2\/posts\/103525\/revisions\/103527"}],"wp:featuredmedia":[{"embeddable":true,"href":"https:\/\/tvc16.com\/portal\/wp-json\/wp\/v2\/media\/103526"}],"wp:attachment":[{"href":"https:\/\/tvc16.com\/portal\/wp-json\/wp\/v2\/media?parent=103525"}],"wp:term":[{"taxonomy":"category","embeddable":true,"href":"https:\/\/tvc16.com\/portal\/wp-json\/wp\/v2\/categories?post=103525"},{"taxonomy":"post_tag","embeddable":true,"href":"https:\/\/tvc16.com\/portal\/wp-json\/wp\/v2\/tags?post=103525"}],"curies":[{"name":"wp","href":"https:\/\/api.w.org\/{rel}","templated":true}]}}