{"id":103528,"date":"2025-05-01T10:54:44","date_gmt":"2025-05-01T13:54:44","guid":{"rendered":"https:\/\/tvc16.com\/portal\/?p=103528"},"modified":"2025-05-01T10:54:45","modified_gmt":"2025-05-01T13:54:45","slug":"inscricoes-de-jovens-e-adultos-para-encceja-encerram-nesta-sexta-feira","status":"publish","type":"post","link":"https:\/\/tvc16.com\/portal\/2025\/05\/01\/inscricoes-de-jovens-e-adultos-para-encceja-encerram-nesta-sexta-feira\/","title":{"rendered":"Inscri\u00e7\u00f5es de jovens e adultos para Encceja encerram nesta sexta-feira"},"content":{"rendered":"\n<p><em>Exame possibilita certifica\u00e7\u00e3o de ensino fundamental e m\u00e9dio<\/em><\/p>\n\n\n\n<p>Por Daniella Almeida &#8211; Rep\u00f3rter da Ag\u00eancia Brasil \/ Foto: Divulga\u00e7\u00e3o\/ MEC<\/p>\n\n\n\n<p><\/p>\n\n\n\n<p><strong>Os interessados em participar do Exame Nacional para Certifica\u00e7\u00e3o de Compet\u00eancias de Jovens e Adultos (Encceja) 2025 devem se inscrever at\u00e9 esta sexta-feira (2)<\/strong>. Este procedimento deve ser feito&nbsp;online&nbsp;com Cadastro de Pessoa F\u00edsica (CPF) e data de nascimento no&nbsp;<a href=\"https:\/\/enccejanacional.inep.gov.br\/encceja\/#!\/inicial\" target=\"_blank\" rel=\"noreferrer noopener\">sistema do Encceja<\/a>.<img decoding=\"async\" src=\"https:\/\/agenciabrasil.ebc.com.br\/ebc.png?id=1641209&amp;o=node\"><img decoding=\"async\" src=\"https:\/\/agenciabrasil.ebc.com.br\/ebc.gif?id=1641209&amp;o=node\"><\/p>\n\n\n\n<p><strong>A participa\u00e7\u00e3o \u00e9 volunt\u00e1ria, gratuita e destinada a jovens e adultos que n\u00e3o conclu\u00edram seus estudos na idade apropriada.<\/strong>&nbsp;O Encceja representa uma oportunidade para quem busca a certifica\u00e7\u00e3o do ensino fundamental e m\u00e9dio.<\/p>\n\n\n\n<p>As provas avaliam compet\u00eancias, habilidades e saberes adquiridos no processo escolar e\/ou extraescolar.<\/p>\n\n\n\n<h2 class=\"wp-block-heading\">Aplica\u00e7\u00e3o das provas<\/h2>\n\n\n\n<p>O Instituto Nacional de Estudos e Pesquisas Educacionais An\u00edsio Teixeira (Inep), vinculado ao Minist\u00e9rio da Educa\u00e7\u00e3o (MEC), aplicar\u00e1 as provas em 3 de agosto, em todos os estados e no Distrito Federal. &nbsp;A aplica\u00e7\u00e3o ter\u00e1 quatro horas de dura\u00e7\u00e3o pela manh\u00e3 e cinco horas&nbsp;\u00e0 tarde.<\/p>\n\n\n\n<h2 class=\"wp-block-heading\">Inclus\u00e3o<\/h2>\n\n\n\n<p><strong>O prazo de 2 de maio tamb\u00e9m vale para as solicita\u00e7\u00f5es de atendimento especializado.<\/strong>&nbsp;Nesse caso, o participante dever\u00e1 anexar um documento leg\u00edvel que comprove a condi\u00e7\u00e3o que motiva a solicita\u00e7\u00e3o. Entre as situa\u00e7\u00f5es destacadas no&nbsp;<a href=\"https:\/\/www.in.gov.br\/web\/dou\/-\/edital-n-15-de-11-de-marco-de-2025-617260967\" target=\"_blank\" rel=\"noreferrer noopener\">edital do exame<\/a>, est\u00e3o: baixa vis\u00e3o, cegueira, defici\u00eancia f\u00edsica, defici\u00eancia auditiva, intelectual, dislexia ou transtorno do espectro autista.<\/p>\n\n\n\n<p><strong>O Inep avisou que, na edi\u00e7\u00e3o deste ano, os participantes com diabetes poder\u00e3o se identificar na inscri\u00e7\u00e3o.&nbsp;<\/strong>A op\u00e7\u00e3o estar\u00e1 dispon\u00edvel no campo de atendimento especializado e ser\u00e1 validada mediante laudo m\u00e9dico comprobat\u00f3rio.<\/p>\n\n\n\n<p><strong>As condi\u00e7\u00f5es de gestante, lactante, idoso, estudante em classe hospitalar tamb\u00e9m podem motivar atendimento especializado.<\/strong><\/p>\n\n\n\n<p>O resultado da an\u00e1lise do documento comprobat\u00f3rio pelo Inep ser\u00e1 divulgado no&nbsp;<a href=\"https:\/\/enccejanacional.inep.gov.br\/encceja\/#!\/inicial\" target=\"_blank\" rel=\"noreferrer noopener\">site do Encceja<\/a>&nbsp;em 12 de maio.<\/p>\n\n\n\n<p><strong>Para as pessoas que desejam usar o&nbsp;nome social, j\u00e1 registrado na Receita Federal, durante o exame, a op\u00e7\u00e3o &nbsp;deve ser assinalada no momento da inscri\u00e7\u00e3o.&nbsp;<\/strong>O&nbsp;nome social&nbsp;\u00e9 o modo como a pessoa se autoidentifica. A partir da op\u00e7\u00e3o, a identifica\u00e7\u00e3o social ser\u00e1 apresentada em todos os documentos e materiais administrativos do Encceja Nacional 2025.&nbsp;<\/p>\n\n\n\n<h2 class=\"wp-block-heading\">Encceja<\/h2>\n\n\n\n<p>Para fazer o exame, \u00e9 preciso ter idade m\u00ednima de 15 anos completos na data de realiza\u00e7\u00e3o das provas do ensino fundamental; e 18 anos completos, para fazer as do ensino m\u00e9dio.<\/p>\n\n\n\n<p>O Inep explica que quem tem mais de 18 anos pode tentar diretamente a certifica\u00e7\u00e3o do ensino m\u00e9dio, isto porque n\u00e3o \u00e9 necess\u00e1rio ter o certificado do ensino fundamental.<\/p>\n\n\n\n<p>O exame \u00e9 aplicado pelo Inep desde 2002, mas a emiss\u00e3o do diploma conclus\u00e3o do ensino fundamental e m\u00e9dio (declara\u00e7\u00e3o de profici\u00eancia) \u00e9 responsabilidade das secretarias estaduais de Educa\u00e7\u00e3o e dos institutos federais de Educa\u00e7\u00e3o, Ci\u00eancia e Tecnologia, que aderiram ao Encceja 2025.<\/p>\n\n\n\n<p>O Inep destaca que o exame tamb\u00e9m estabelece uma refer\u00eancia nacional para a avalia\u00e7\u00e3o de jovens e adultos para melhoria da qualidade da educa\u00e7\u00e3o ofertada a este p\u00fablico.<br><\/p>\n","protected":false},"excerpt":{"rendered":"<p>Exame possibilita certifica\u00e7\u00e3o de ensino fundamental e m\u00e9dio Por Daniella Almeida &#8211; Rep\u00f3rter da Ag\u00eancia<\/p>\n","protected":false},"author":2,"featured_media":103529,"comment_status":"open","ping_status":"open","sticky":false,"template":"","format":"standard","meta":{"footnotes":""},"categories":[17],"tags":[],"class_list":["post-103528","post","type-post","status-publish","format-standard","has-post-thumbnail","hentry","category-outras-noticias"],"_links":{"self":[{"href":"https:\/\/tvc16.com\/portal\/wp-json\/wp\/v2\/posts\/103528","targetHints":{"allow":["GET"]}}],"collection":[{"href":"https:\/\/tvc16.com\/portal\/wp-json\/wp\/v2\/posts"}],"about":[{"href":"https:\/\/tvc16.com\/portal\/wp-json\/wp\/v2\/types\/post"}],"author":[{"embeddable":true,"href":"https:\/\/tvc16.com\/portal\/wp-json\/wp\/v2\/users\/2"}],"replies":[{"embeddable":true,"href":"https:\/\/tvc16.com\/portal\/wp-json\/wp\/v2\/comments?post=103528"}],"version-history":[{"count":1,"href":"https:\/\/tvc16.com\/portal\/wp-json\/wp\/v2\/posts\/103528\/revisions"}],"predecessor-version":[{"id":103530,"href":"https:\/\/tvc16.com\/portal\/wp-json\/wp\/v2\/posts\/103528\/revisions\/103530"}],"wp:featuredmedia":[{"embeddable":true,"href":"https:\/\/tvc16.com\/portal\/wp-json\/wp\/v2\/media\/103529"}],"wp:attachment":[{"href":"https:\/\/tvc16.com\/portal\/wp-json\/wp\/v2\/media?parent=103528"}],"wp:term":[{"taxonomy":"category","embeddable":true,"href":"https:\/\/tvc16.com\/portal\/wp-json\/wp\/v2\/categories?post=103528"},{"taxonomy":"post_tag","embeddable":true,"href":"https:\/\/tvc16.com\/portal\/wp-json\/wp\/v2\/tags?post=103528"}],"curies":[{"name":"wp","href":"https:\/\/api.w.org\/{rel}","templated":true}]}}