{"id":103536,"date":"2025-05-01T11:13:46","date_gmt":"2025-05-01T14:13:46","guid":{"rendered":"https:\/\/tvc16.com\/portal\/?p=103536"},"modified":"2025-05-01T11:14:11","modified_gmt":"2025-05-01T14:14:11","slug":"policia-civil-prende-familia-de-receptadores-com-carros-roubados-em-nova-friburgo","status":"publish","type":"post","link":"https:\/\/tvc16.com\/portal\/2025\/05\/01\/policia-civil-prende-familia-de-receptadores-com-carros-roubados-em-nova-friburgo\/","title":{"rendered":"Pol\u00edcia Civil prende fam\u00edlia de receptadores com carros roubados em Nova Friburgo"},"content":{"rendered":"\n<p>Policiais civis da 151\u00aa DP (Nova Friburgo), em a\u00e7\u00e3o conjunta com policiais militares, prenderam duas pessoas da mesma fam\u00edlia por recepta\u00e7\u00e3o de ve\u00edculos roubados. A opera\u00e7\u00e3o ocorreu nesta ter\u00e7a-feira (29\/04), nos bairros de Braunes e Jardinl\u00e2ndia, em Nova Friburgo, na Regi\u00e3o Serrana do estado.<\/p>\n\n\n\n<p>De acordo com os agentes, os autom\u00f3veis tinham registros de roubo nas \u00e1reas da 44\u00aa DP (Inha\u00fama) e da 23\u00aa DP (M\u00e9ier), ambas na capital. Os presos, tio e sobrinho, estavam em posse dos ve\u00edculos quando foram abordados. A fam\u00edlia j\u00e1 \u00e9 conhecida pela Pol\u00edcia Civil: o pai de um dos presos nesta ter\u00e7a foi encontrado anteriormente com um ve\u00edculo roubado. Ele, que tamb\u00e9m \u00e9 irm\u00e3o do segundo detido, teve o ve\u00edculo apreendido e recuperado pelos policiais.<\/p>\n\n\n\n<p>As investiga\u00e7\u00f5es indicam a atua\u00e7\u00e3o de, pelo menos, dois grupos envolvidos nesse tipo de crime na regi\u00e3o. Desde mar\u00e7o, a a\u00e7\u00e3o integrada das for\u00e7as de seguran\u00e7a j\u00e1 resultou em cerca de 10 pris\u00f5es em flagrante e na recupera\u00e7\u00e3o de 13 ve\u00edculos, avaliados em mais de R$ 1 milh\u00e3o. Todos os carros foram devolvidos aos propriet\u00e1rios.<\/p>\n\n\n\n<p>A dupla foi autuada em flagrante por recepta\u00e7\u00e3o e adultera\u00e7\u00e3o de sinal identificador de ve\u00edculo.<\/p>\n","protected":false},"excerpt":{"rendered":"<p>Policiais civis da 151\u00aa DP (Nova Friburgo), em a\u00e7\u00e3o conjunta com policiais militares, prenderam duas<\/p>\n","protected":false},"author":2,"featured_media":100311,"comment_status":"open","ping_status":"open","sticky":false,"template":"","format":"standard","meta":{"footnotes":""},"categories":[17],"tags":[],"class_list":["post-103536","post","type-post","status-publish","format-standard","has-post-thumbnail","hentry","category-outras-noticias"],"_links":{"self":[{"href":"https:\/\/tvc16.com\/portal\/wp-json\/wp\/v2\/posts\/103536","targetHints":{"allow":["GET"]}}],"collection":[{"href":"https:\/\/tvc16.com\/portal\/wp-json\/wp\/v2\/posts"}],"about":[{"href":"https:\/\/tvc16.com\/portal\/wp-json\/wp\/v2\/types\/post"}],"author":[{"embeddable":true,"href":"https:\/\/tvc16.com\/portal\/wp-json\/wp\/v2\/users\/2"}],"replies":[{"embeddable":true,"href":"https:\/\/tvc16.com\/portal\/wp-json\/wp\/v2\/comments?post=103536"}],"version-history":[{"count":1,"href":"https:\/\/tvc16.com\/portal\/wp-json\/wp\/v2\/posts\/103536\/revisions"}],"predecessor-version":[{"id":103537,"href":"https:\/\/tvc16.com\/portal\/wp-json\/wp\/v2\/posts\/103536\/revisions\/103537"}],"wp:featuredmedia":[{"embeddable":true,"href":"https:\/\/tvc16.com\/portal\/wp-json\/wp\/v2\/media\/100311"}],"wp:attachment":[{"href":"https:\/\/tvc16.com\/portal\/wp-json\/wp\/v2\/media?parent=103536"}],"wp:term":[{"taxonomy":"category","embeddable":true,"href":"https:\/\/tvc16.com\/portal\/wp-json\/wp\/v2\/categories?post=103536"},{"taxonomy":"post_tag","embeddable":true,"href":"https:\/\/tvc16.com\/portal\/wp-json\/wp\/v2\/tags?post=103536"}],"curies":[{"name":"wp","href":"https:\/\/api.w.org\/{rel}","templated":true}]}}