{"id":103541,"date":"2025-05-01T11:38:59","date_gmt":"2025-05-01T14:38:59","guid":{"rendered":"https:\/\/tvc16.com\/portal\/?p=103541"},"modified":"2025-05-01T11:38:59","modified_gmt":"2025-05-01T14:38:59","slug":"pacto-pelo-esporte-elege-nova-presidente-e-reforca-acoes-para-o-desenvolvimento-do-esporte-nos-proximos-anos","status":"publish","type":"post","link":"https:\/\/tvc16.com\/portal\/2025\/05\/01\/pacto-pelo-esporte-elege-nova-presidente-e-reforca-acoes-para-o-desenvolvimento-do-esporte-nos-proximos-anos\/","title":{"rendered":"Pacto pelo Esporte elege nova presidente e refor\u00e7a a\u00e7\u00f5es para o desenvolvimento do esporte nos pr\u00f3ximos anos"},"content":{"rendered":"\n<p>Nesta quarta-feira, 30 de abril, na sede da Aberje, em S\u00e3o Paulo, o Pacto pelo Esporte elegeu sua nova presidente. Cl\u00e1udia Romano, presidente do Instituto Yduqs, vice-presidente do Grupo Educacional Yduqs e presidente do Sindicato das Entidades Mantenedoras de Estabelecimentos de Ensino Superior do Rio de Janeiro (SEMERJ, foi escolhida para presidir a organiza\u00e7\u00e3o. Com uma carreira de mais de 20 anos dedicada \u00e0 educa\u00e7\u00e3o, ao esporte, \u00e0 cultura, \u00e0 cidadania, al\u00e9m de forte atua\u00e7\u00e3o na agenda ESG, Cl\u00e1udia ser\u00e1 a primeira mulher a ocupar o cargo na organiza\u00e7\u00e3o e o per\u00edodo de seu mandato ser\u00e1 de tr\u00eas anos (de 2025 a 2028). Al\u00e9m de Romano, Hugo Passarelli foi reeleito como vice-presidente. Paulo Kakinoff, CEO da Porto Seguro, deixou a presid\u00eancia do Pacto, que assumiu ap\u00f3s o falecimento de Jo\u00e3o Paulo Diniz, e agora passa a integrar o Conselho de Administra\u00e7\u00e3o.<\/p>\n\n\n\n<p>&#8220;Desde 2015, somos signat\u00e1rios do Pacto pelo Esporte. \u00c9 uma grande honra ser a primeira mulher a assumir a presid\u00eancia deste organismo fundamental para o fortalecimento do esporte nacional. Espero que minha trajet\u00f3ria inspire outras lideran\u00e7as femininas a se engajarem cada vez mais nesta agenda, ajudando a construir um ambiente mais diverso, \u00e9tico e transformador para as pr\u00f3ximas gera\u00e7\u00f5es&#8221;, afirma Cl\u00e1udia.<\/p>\n\n\n\n<p>Com seu trabalho incans\u00e1vel e vis\u00e3o estrat\u00e9gica, Cl\u00e1udia Romano tem se consolidado como uma das l\u00edderes mais respeitadas no tema da governan\u00e7a esportiva e impacto social no esporte, tornando-se uma refer\u00eancia no apoio \u00e0 forma\u00e7\u00e3o e transi\u00e7\u00e3o de carreira de atletas e paratletas, por meio do Instituto Yduqs. Ao longo de sua trajet\u00f3ria, Cl\u00e1udia tem uma contribui\u00e7\u00e3o expressiva para o fortalecimento do esporte como vetor de inclus\u00e3o, desenvolvimento e transforma\u00e7\u00e3o social no Brasil. Seu legado inclui a defesa de boas pr\u00e1ticas de gest\u00e3o no setor esportivo, a promo\u00e7\u00e3o da educa\u00e7\u00e3o por meio do esporte e o apoio a programas de incentivo a jovens talentos.<\/p>\n\n\n\n<p>&#8220;Sou apaixonada pelo esporte e pelo que ele representa: supera\u00e7\u00e3o, disciplina e transforma\u00e7\u00e3o. Al\u00e9m disso, o impacto social do esporte \u00e9 indiscut\u00edvel. Esporte gera empregos e impulsiona a economia, movimentando cerca de US$ 1 trilh\u00e3o por ano. Mas, sem uma boa governan\u00e7a e transpar\u00eancia, o potencial social do esporte fica comprometido. Meu compromisso \u00e0 frente do Pacto ser\u00e1 fortalecer ainda mais essa agenda de integridade e gest\u00e3o profissional, conectando organiza\u00e7\u00f5es, atletas e a sociedade civil em torno de pr\u00e1ticas \u00e9ticas, inclusivas e inovadoras&#8221;, refor\u00e7a Cl\u00e1udia.<\/p>\n\n\n\n<p>Com uma s\u00f3lida e respeitada rede de relacionamentos que abrange o setor privado, \u00f3rg\u00e3os governamentais nas esferas federal, estadual e municipal, organiza\u00e7\u00f5es do terceiro setor e formadores de opini\u00e3o, Cl\u00e1udia tamb\u00e9m atua como conselheira em diversas institui\u00e7\u00f5es, como, por exemplo, o Conselho de Esporte, Lazer e Desenvolvimento Social da Associa\u00e7\u00e3o Comercial do Estado do RJ e do Servi\u00e7o Nacional de Aprendizagem Comercial (Senac). Al\u00e9m disso, \u00e9 membro do grupo de trabalho sobre Transi\u00e7\u00e3o e Dupla Carreira Esportiva do Minist\u00e9rio do Esporte e do Sport Integrity Global Alliance (SIGA).<\/p>\n\n\n\n<p>Seu trabalho foi reconhecido com importantes honrarias, como a Medalha Pedro Ernesto (2019) e a Medalha Tiradentes (2022), concedidas pela cidade e pelo Estado do Rio de Janeiro, respectivamente.<br>O Pacto pelo Esporte tamb\u00e9m anunciou a elei\u00e7\u00e3o de Paulo Nigro como novo membro do Conselho de Administra\u00e7\u00e3o. Executivo com passagens pela lideran\u00e7a do Hospital S\u00edrio-Liban\u00eas, Ach\u00e9 Laborat\u00f3rios, Tetra Pak e ex-presidente do LIDE Esportes, Nigro traz ao grupo sua ampla experi\u00eancia em gest\u00e3o e apoio ao esporte. <\/p>\n\n\n\n<p>O Conselho de Administra\u00e7\u00e3o \u00e9 atualmente composto por Jo\u00e3o Pedro Paro Neto (presidente e ex-CEO da Mastercard), Renato Ribeiro (diretor de Esporte do Grupo Globo), Ana Garcia (Componente Holding), Hort\u00eancia Marcari (atleta e membro da Comiss\u00e3o de Atletas do COB), Luiz S\u00e9rgio Vieira (CEO da EY), Hamilton dos Santos (diretor executivo da Aberje), Tiago Gomes (s\u00f3cio do Souto Correa), Thiago Pereira (vice-campe\u00e3o ol\u00edmpico e diretor da Wiz Corporate) e Val\u00e9ria Caf\u00e9 (diretora geral do IBGC). Tom Gerth (VP e Chief Audit Executive do Nubank) assumir\u00e1 a presid\u00eancia do Conselho Fiscal.<\/p>\n\n\n\n<p>O Pacto pelo Esporte tamb\u00e9m aprovou seu plano de a\u00e7\u00f5es para os pr\u00f3ximos anos. Em 2024, a organiza\u00e7\u00e3o apoiou a continuidade de dispositivos de governan\u00e7a na nova Lei Geral do Esporte e celebrou a elei\u00e7\u00e3o de sua diretora-executiva, Daniela Castro, como membro independente do Comit\u00ea Ol\u00edmpico Brasileiro (COB). Para 2025, est\u00e3o previstos o fortalecimento da Rede de Profissionais de Marketing Esportivo, o relan\u00e7amento do Rating Integra e a intensifica\u00e7\u00e3o de discuss\u00f5es sobre a governan\u00e7a do futebol brasileiro.<\/p>\n\n\n\n<p>O Pacto pelo Esporte completa 10 anos em 2025 e projeta expandir ainda mais sua contribui\u00e7\u00e3o para o desenvolvimento do esporte no Brasil. A iniciativa continuar\u00e1 focada em apoiar entidades esportivas na ado\u00e7\u00e3o de boas pr\u00e1ticas de governan\u00e7a, integridade e transpar\u00eancia, al\u00e9m de promover o reconhecimento das organiza\u00e7\u00f5es mais bem avaliadas e ampliar a aproxima\u00e7\u00e3o do setor privado com o esporte nacional.<\/p>\n\n\n\n<p>&#8220;O engajamento de empresas em um acordo privado em prol do esporte \u00e9 algo pioneiro. Ap\u00f3s 10 anos, as empresas e suas lideran\u00e7as reiteraram a import\u00e2ncia da continuidade e fortalecimento do projeto. Trata-se de um caminho de longo prazo, com muito a ser feito \u2014 trazendo novas empresas, aprimorando a legisla\u00e7\u00e3o e ampliando as boas pr\u00e1ticas. Agradecemos \u00e0 gest\u00e3o de Paulo Kakinoff e Hugo Passarelli e estamos animados com a chegada de uma lideran\u00e7a t\u00e3o potente e comprometida como Cl\u00e1udia Romano&#8221;, afirma Daniela Castro, diretora-executiva do Pacto pelo Esporte.<\/p>\n\n\n\n<p>Sobre o Pacto pelo Esporte<br>O Pacto pelo Esporte \u00e9 um acordo volunt\u00e1rio entre mais de 40 empresas patrocinadoras do esporte nacional, que estabelece regras e mecanismos de autorregulamenta\u00e7\u00e3o nas rela\u00e7\u00f5es entre investidores e entidades esportivas. Seu objetivo \u00e9 fomentar pr\u00e1ticas de governan\u00e7a, integridade e transpar\u00eancia para garantir credibilidade e seguran\u00e7a nos investimentos realizados. A iniciativa busca, a longo prazo, ampliar os patroc\u00ednios e fortalecer o esporte de alto rendimento no pa\u00eds.<\/p>\n\n\n\n<p>Foto: divulga\u00e7\u00e3o<\/p>\n","protected":false},"excerpt":{"rendered":"<p>Nesta quarta-feira, 30 de abril, na sede da Aberje, em S\u00e3o Paulo, o Pacto pelo<\/p>\n","protected":false},"author":2,"featured_media":103542,"comment_status":"open","ping_status":"open","sticky":false,"template":"","format":"standard","meta":{"footnotes":""},"categories":[12],"tags":[],"class_list":["post-103541","post","type-post","status-publish","format-standard","has-post-thumbnail","hentry","category-cidade"],"_links":{"self":[{"href":"https:\/\/tvc16.com\/portal\/wp-json\/wp\/v2\/posts\/103541","targetHints":{"allow":["GET"]}}],"collection":[{"href":"https:\/\/tvc16.com\/portal\/wp-json\/wp\/v2\/posts"}],"about":[{"href":"https:\/\/tvc16.com\/portal\/wp-json\/wp\/v2\/types\/post"}],"author":[{"embeddable":true,"href":"https:\/\/tvc16.com\/portal\/wp-json\/wp\/v2\/users\/2"}],"replies":[{"embeddable":true,"href":"https:\/\/tvc16.com\/portal\/wp-json\/wp\/v2\/comments?post=103541"}],"version-history":[{"count":1,"href":"https:\/\/tvc16.com\/portal\/wp-json\/wp\/v2\/posts\/103541\/revisions"}],"predecessor-version":[{"id":103543,"href":"https:\/\/tvc16.com\/portal\/wp-json\/wp\/v2\/posts\/103541\/revisions\/103543"}],"wp:featuredmedia":[{"embeddable":true,"href":"https:\/\/tvc16.com\/portal\/wp-json\/wp\/v2\/media\/103542"}],"wp:attachment":[{"href":"https:\/\/tvc16.com\/portal\/wp-json\/wp\/v2\/media?parent=103541"}],"wp:term":[{"taxonomy":"category","embeddable":true,"href":"https:\/\/tvc16.com\/portal\/wp-json\/wp\/v2\/categories?post=103541"},{"taxonomy":"post_tag","embeddable":true,"href":"https:\/\/tvc16.com\/portal\/wp-json\/wp\/v2\/tags?post=103541"}],"curies":[{"name":"wp","href":"https:\/\/api.w.org\/{rel}","templated":true}]}}