{"id":103544,"date":"2025-05-01T12:44:54","date_gmt":"2025-05-01T15:44:54","guid":{"rendered":"https:\/\/tvc16.com\/portal\/?p=103544"},"modified":"2025-05-01T12:44:55","modified_gmt":"2025-05-01T15:44:55","slug":"reforma-tributaria-e-tema-de-evento-com-apoio-da-prefeitura","status":"publish","type":"post","link":"https:\/\/tvc16.com\/portal\/2025\/05\/01\/reforma-tributaria-e-tema-de-evento-com-apoio-da-prefeitura\/","title":{"rendered":"Reforma Tribut\u00e1ria \u00e9 tema de evento com apoio da Prefeitura"},"content":{"rendered":"\n<p>Na \u00faltima quarta-feira (30), a Casa dos Conselhos foi palco de um evento que abordou a Reforma Tribut\u00e1ria, promovido pelo CRC-RJ e pelo SESCON-RJ, com apoio da Prefeitura de Petr\u00f3polis. Voltado a empres\u00e1rios e contadores, o encontro teve como objetivo esclarecer as principais mudan\u00e7as no sistema tribut\u00e1rio nacional e seus efeitos esperados sobre a economia.<\/p>\n\n\n\n<p>O evento contou com a presen\u00e7a do vice-prefeito Baninho, que representou o prefeito Hingo Hammes, e do secret\u00e1rio de Fazenda, Fabio Junior. Ambos refor\u00e7aram a import\u00e2ncia da participa\u00e7\u00e3o do setor cont\u00e1bil nos processos fiscais municipais, especialmente no preenchimento da Declan-IPM e no est\u00edmulo ao Imposto Solid\u00e1rio.<\/p>\n\n\n\n<p>\u201cA ades\u00e3o ao Imposto Solid\u00e1rio \u00e9 um gesto que vai al\u00e9m da contabilidade. \u00c9 uma forma de contribuir diretamente com projetos sociais da cidade, direcionando parte do tributo para quem mais precisa\u201d, afirmou Baninho.<\/p>\n\n\n\n<p>O vice-prefeito tamb\u00e9m recebeu, em nome do prefeito Hingo Hammes, uma Mo\u00e7\u00e3o de Aplausos entregue pelo CRC-RJ e pelo SESCON-RJ. A homenagem reconheceu o apoio institucional da Prefeitura \u00e0 realiza\u00e7\u00e3o do evento e ao fortalecimento do di\u00e1logo com os profissionais da \u00e1rea fiscal.<\/p>\n\n\n\n<p>O secret\u00e1rio de Fazenda, Fabio Junior, refor\u00e7ou a relev\u00e2ncia do envio correto da Declan-IPM at\u00e9 o dia 20 de maio. \u201cA declara\u00e7\u00e3o impacta diretamente no c\u00e1lculo do \u00cdndice de Participa\u00e7\u00e3o dos Munic\u00edpios. Quanto mais completa e precisa for a Declan, maior ser\u00e1 o retorno de ICMS para Petr\u00f3polis. E isso permite que o governo municipal avance em melhorias para a cidade nas \u00e1reas de sa\u00fade, educa\u00e7\u00e3o, obras e toda a cadeia de infraestrutura, para que o dia a dia do petropolitano seja melhor\u201d, explicou.<\/p>\n\n\n\n<p>O evento contou ainda com uma palestra sobre o tema, conduzida pelo professor Edmilson Machado, que apresentou os principais pontos da proposta de Reforma Tribut\u00e1ria, contextualizando os impactos nas esferas municipal, estadual e federal. A atividade reuniu profissionais de contabilidade, representantes do setor produtivo e gestores p\u00fablicos.<\/p>\n\n\n\n<p>Foto: divulga\u00e7\u00e3o <\/p>\n","protected":false},"excerpt":{"rendered":"<p>Na \u00faltima quarta-feira (30), a Casa dos Conselhos foi palco de um evento que abordou<\/p>\n","protected":false},"author":2,"featured_media":103545,"comment_status":"open","ping_status":"open","sticky":false,"template":"","format":"standard","meta":{"footnotes":""},"categories":[12],"tags":[],"class_list":["post-103544","post","type-post","status-publish","format-standard","has-post-thumbnail","hentry","category-cidade"],"_links":{"self":[{"href":"https:\/\/tvc16.com\/portal\/wp-json\/wp\/v2\/posts\/103544","targetHints":{"allow":["GET"]}}],"collection":[{"href":"https:\/\/tvc16.com\/portal\/wp-json\/wp\/v2\/posts"}],"about":[{"href":"https:\/\/tvc16.com\/portal\/wp-json\/wp\/v2\/types\/post"}],"author":[{"embeddable":true,"href":"https:\/\/tvc16.com\/portal\/wp-json\/wp\/v2\/users\/2"}],"replies":[{"embeddable":true,"href":"https:\/\/tvc16.com\/portal\/wp-json\/wp\/v2\/comments?post=103544"}],"version-history":[{"count":1,"href":"https:\/\/tvc16.com\/portal\/wp-json\/wp\/v2\/posts\/103544\/revisions"}],"predecessor-version":[{"id":103546,"href":"https:\/\/tvc16.com\/portal\/wp-json\/wp\/v2\/posts\/103544\/revisions\/103546"}],"wp:featuredmedia":[{"embeddable":true,"href":"https:\/\/tvc16.com\/portal\/wp-json\/wp\/v2\/media\/103545"}],"wp:attachment":[{"href":"https:\/\/tvc16.com\/portal\/wp-json\/wp\/v2\/media?parent=103544"}],"wp:term":[{"taxonomy":"category","embeddable":true,"href":"https:\/\/tvc16.com\/portal\/wp-json\/wp\/v2\/categories?post=103544"},{"taxonomy":"post_tag","embeddable":true,"href":"https:\/\/tvc16.com\/portal\/wp-json\/wp\/v2\/tags?post=103544"}],"curies":[{"name":"wp","href":"https:\/\/api.w.org\/{rel}","templated":true}]}}