{"id":103547,"date":"2025-05-02T05:00:00","date_gmt":"2025-05-02T08:00:00","guid":{"rendered":"https:\/\/tvc16.com\/portal\/?p=103547"},"modified":"2025-05-01T14:04:35","modified_gmt":"2025-05-01T17:04:35","slug":"enem-2025-saiba-a-documentacao-aceita-para-justificar-ausencia","status":"publish","type":"post","link":"https:\/\/tvc16.com\/portal\/2025\/05\/02\/enem-2025-saiba-a-documentacao-aceita-para-justificar-ausencia\/","title":{"rendered":"Enem 2025: saiba a documenta\u00e7\u00e3o aceita para justificar aus\u00eancia"},"content":{"rendered":"\n<p><strong>Os interessados em participar do Exame Nacional do Ensino M\u00e9dio (Enem) de 2025 sem pagar a taxa de inscri\u00e7\u00e3o e faltaram a um dos dias de prova na edi\u00e7\u00e3o do ano passado devem justificar a aus\u00eancia at\u00e9 \u00e0s 23h59 (hor\u00e1rio de Bras\u00edlia) desta sexta-feira (2).&nbsp;&nbsp;<\/strong><img decoding=\"async\" src=\"https:\/\/agenciabrasil.ebc.com.br\/ebc.png?id=1641238&amp;o=node\"><img decoding=\"async\" src=\"https:\/\/agenciabrasil.ebc.com.br\/ebc.gif?id=1641238&amp;o=node\"><\/p>\n\n\n\n<p><strong>O prazo \u00e9 o mesmo para&nbsp;<a href=\"http:\/\/agenciabrasil.ebc.com.br\/educacao\/noticia\/2025-05\/prazo-para-pedir-isencao-de-taxa-do-enem-2025-termina-nesta-sexta\">solicitar a isen\u00e7\u00e3o da taxa de inscri\u00e7\u00e3o do exame<\/a>.<\/strong><\/p>\n\n\n\n<p>Os dois procedimentos devem ser realizados exclusivamente na&nbsp;<a href=\"https:\/\/enem.inep.gov.br\/participante\/#!\/\">p\u00e1gina do participante do exame<\/a>, com o login no portal \u00fanico de servi\u00e7os digitais do governo federal, o Gov.br.<\/p>\n\n\n\n<p>Para justificar a aus\u00eancia, os documentos aceitos que comprovem as condi\u00e7\u00f5es declaradas est\u00e3o&nbsp;<a href=\"https:\/\/www.in.gov.br\/en\/web\/dou\/-\/edital-n-18-de-24-de-marco-de-2025-620921318\">previstos no edital<\/a>&nbsp;do Instituto Nacional de Estudos e Pesquisas Educacionais An\u00edsio Teixeira (Inep) que trata da justificativa de aus\u00eancia na \u00faltima edi\u00e7\u00e3o do exame.<\/p>\n\n\n\n<h2 class=\"wp-block-heading\">Regras<\/h2>\n\n\n\n<p>Confira os documentos aceitos para justificar aus\u00eancia no Enem 2024, em cada uma das situa\u00e7\u00f5es.<\/p>\n\n\n\n<p>As seguintes situa\u00e7\u00f5es est\u00e3o previstas:<\/p>\n\n\n\n<ul class=\"wp-block-list\">\n<li>Emerg\u00eancia\/interna\u00e7\u00e3o\/repouso m\u00e9dico ou odontol\u00f3gico: atestado m\u00e9dico ou odontol\u00f3gico leg\u00edvel, que especifique a necessidade da interna\u00e7\u00e3o\/repouso ou a Classifica\u00e7\u00e3o Estat\u00edstica Internacional de Doen\u00e7as e Problemas Relacionados com a Sa\u00fade (CID).<\/li>\n\n\n\n<li>Assalto, furto e acidente de tr\u00e2nsito: boletim de ocorr\u00eancia policial leg\u00edvel, com nome completo, Cadastro de Pessoas F\u00edsica (CPF) ou carteira de identidade do participante envolvido;<\/li>\n\n\n\n<li>Casamento\/uni\u00e3o est\u00e1vel: certid\u00e3o de casamento ou contrato de uni\u00e3o est\u00e1vel leg\u00edvel, com nome completo do participante, ocorrido nos dias citados;<\/li>\n\n\n\n<li>Morte na fam\u00edlia: certid\u00e3o de \u00f3bito do familiar, ocorrido nos dias citados;<\/li>\n\n\n\n<li>Maternidade e\/ou paternidade: certid\u00e3o de nascimento ou de ado\u00e7\u00e3o leg\u00edvel, em que conste o nome completo da participante;<\/li>\n\n\n\n<li>Mudan\u00e7a de domic\u00edlio para acompanhamento de familiar: documento expedido por autoridade constitu\u00edda, que comprove o acompanhamento de familiar deslocado para outra cidade, entre 8 de junho 2024 e 12 de dezembro de 2024. A documenta\u00e7\u00e3o deve comprovar o parentesco.\u00a0<\/li>\n\n\n\n<li>Trabalho \u2013 declara\u00e7\u00e3o com o n\u00famero do Cadastro Nacional de Pessoa Jur\u00eddica (CNPJ), com a identifica\u00e7\u00e3o, a assinatura do empregador respons\u00e1vel pela declara\u00e7\u00e3o e a justificativa de exerc\u00edcio de atividade profissional;<\/li>\n\n\n\n<li>Interc\u00e2mbio acad\u00eamico: documento assinado, em l\u00edngua portuguesa, da institui\u00e7\u00e3o de ensino internacional que comprove interc\u00e2mbio, contendo identifica\u00e7\u00e3o da Institui\u00e7\u00e3o de Ensino, nome completo do participante e o per\u00edodo do curso;<\/li>\n\n\n\n<li>Atividade escolar: declara\u00e7\u00e3o ou documento assinado que comprove a participa\u00e7\u00e3o do estudante em atividade escolar, no Brasil ou no exterior.<\/li>\n\n\n\n<li>Priva\u00e7\u00e3o de liberdade &#8211; mandado de pris\u00e3o ou documento similar que ateste a situa\u00e7\u00e3o;<\/li>\n<\/ul>\n\n\n\n<p><strong>Os documentos previstos no edital devem ser leg\u00edveis para an\u00e1lise, sob pena de n\u00e3o serem considerados v\u00e1lidos.<\/strong><\/p>\n\n\n\n<p>Ser\u00e3o aceitos somente documentos nos formatos PDF, PNG ou JPG, com o tamanho m\u00e1ximo de 2 megabytes (MB).<\/p>\n\n\n\n<p>N\u00e3o ser\u00e3o aceitos documentos autodeclarat\u00f3rios ou emitidos, por exemplo, por pais ou respons\u00e1veis dos participantes. Em toda a documenta\u00e7\u00e3o apresentada dever\u00e1 constar o nome completo do faltoso em 2024. As declara\u00e7\u00f5es devem estar datadas e assinadas.<\/p>\n\n\n\n<p>Se for constatado que o participante declarou informa\u00e7\u00f5es falsas ou inexatas, conseguindo uma isen\u00e7\u00e3o indevida, ele ser\u00e1 eliminado do exame, a qualquer tempo, e dever\u00e1 ressarcir \u00e0 Uni\u00e3o os custos referentes \u00e0 taxa de inscri\u00e7\u00e3o, podendo ainda responder por crime contra a f\u00e9 p\u00fablica.<\/p>\n\n\n\n<h2 class=\"wp-block-heading\">Resultados<\/h2>\n\n\n\n<p><strong>O resultado da aceita\u00e7\u00e3o da justificativa de aus\u00eancia, bem como da solicita\u00e7\u00e3o de isen\u00e7\u00e3o ser\u00e1 divulgado pelo Inep em 12 de maio.<\/strong><\/p>\n\n\n\n<p>O per\u00edodo de recursos para quem tiver o pedido negado estar\u00e1 aberto entre 12 e 16 de maio. O resultado final dos recursos sair\u00e1 em 22 de maio.<\/p>\n\n\n\n<p>O Inpe avisa que a aprova\u00e7\u00e3o do pedido de isen\u00e7\u00e3o n\u00e3o garante a participa\u00e7\u00e3o no exame. Mesmo com a gratuidade da taxa, os interessados em prestar o Enem 2025 dever\u00e3o realizar a inscri\u00e7\u00e3o posteriormente, em data a ser definida em futuro edital a ser publicado pelo MEC.<\/p>\n\n\n\n<p>J\u00e1 o candidato que teve o pedido do recurso de isen\u00e7\u00e3o negado dever\u00e1 pagar a taxa para se inscrever no exame.<\/p>\n\n\n\n<h2 class=\"wp-block-heading\">Enem<\/h2>\n\n\n\n<p>O Exame Nacional do Ensino M\u00e9dio \u00e9 considerado a principal forma de entrada na educa\u00e7\u00e3o superior no Brasil, por meio de programas federais como Sistema de Sele\u00e7\u00e3o Unificada (Sisu), Programa Universidade para Todos (Prouni) e Fundo de Financiamento Estudantil (Fies).<\/p>\n\n\n\n<p>Daniella Almeida &#8211; Rep\u00f3rter da Ag\u00eancia Brasil<br>Foto: \u00a9 Jose Cruz\/Ag\u00eancia Brasil<br><\/p>\n","protected":false},"excerpt":{"rendered":"<p>Os interessados em participar do Exame Nacional do Ensino M\u00e9dio (Enem) de 2025 sem pagar<\/p>\n","protected":false},"author":2,"featured_media":103548,"comment_status":"open","ping_status":"open","sticky":false,"template":"","format":"standard","meta":{"footnotes":""},"categories":[17],"tags":[],"class_list":["post-103547","post","type-post","status-publish","format-standard","has-post-thumbnail","hentry","category-outras-noticias"],"_links":{"self":[{"href":"https:\/\/tvc16.com\/portal\/wp-json\/wp\/v2\/posts\/103547","targetHints":{"allow":["GET"]}}],"collection":[{"href":"https:\/\/tvc16.com\/portal\/wp-json\/wp\/v2\/posts"}],"about":[{"href":"https:\/\/tvc16.com\/portal\/wp-json\/wp\/v2\/types\/post"}],"author":[{"embeddable":true,"href":"https:\/\/tvc16.com\/portal\/wp-json\/wp\/v2\/users\/2"}],"replies":[{"embeddable":true,"href":"https:\/\/tvc16.com\/portal\/wp-json\/wp\/v2\/comments?post=103547"}],"version-history":[{"count":1,"href":"https:\/\/tvc16.com\/portal\/wp-json\/wp\/v2\/posts\/103547\/revisions"}],"predecessor-version":[{"id":103549,"href":"https:\/\/tvc16.com\/portal\/wp-json\/wp\/v2\/posts\/103547\/revisions\/103549"}],"wp:featuredmedia":[{"embeddable":true,"href":"https:\/\/tvc16.com\/portal\/wp-json\/wp\/v2\/media\/103548"}],"wp:attachment":[{"href":"https:\/\/tvc16.com\/portal\/wp-json\/wp\/v2\/media?parent=103547"}],"wp:term":[{"taxonomy":"category","embeddable":true,"href":"https:\/\/tvc16.com\/portal\/wp-json\/wp\/v2\/categories?post=103547"},{"taxonomy":"post_tag","embeddable":true,"href":"https:\/\/tvc16.com\/portal\/wp-json\/wp\/v2\/tags?post=103547"}],"curies":[{"name":"wp","href":"https:\/\/api.w.org\/{rel}","templated":true}]}}