{"id":103550,"date":"2025-05-02T05:00:00","date_gmt":"2025-05-02T08:00:00","guid":{"rendered":"https:\/\/tvc16.com\/portal\/?p=103550"},"modified":"2025-05-01T14:07:42","modified_gmt":"2025-05-01T17:07:42","slug":"prazo-para-pedir-isencao-de-taxa-do-enem-2025-termina-nesta-sexta","status":"publish","type":"post","link":"https:\/\/tvc16.com\/portal\/2025\/05\/02\/prazo-para-pedir-isencao-de-taxa-do-enem-2025-termina-nesta-sexta\/","title":{"rendered":"Prazo para pedir isen\u00e7\u00e3o de taxa do Enem 2025 termina nesta sexta"},"content":{"rendered":"\n<p>O prazo para os interessados solicitarem a isen\u00e7\u00e3o da taxa de inscri\u00e7\u00e3o do Exame Nacional do Ensino M\u00e9dio (Enem) de 2025 termina \u00e0s 23h59 (hor\u00e1rio de Bras\u00edlia) desta sexta-feira (2).&nbsp;<img decoding=\"async\" src=\"https:\/\/agenciabrasil.ebc.com.br\/ebc.png?id=1641220&amp;o=node\"><img decoding=\"async\" src=\"https:\/\/agenciabrasil.ebc.com.br\/ebc.gif?id=1641220&amp;o=node\"><\/p>\n\n\n\n<p>Os requerentes devem fazer a solicita\u00e7\u00e3o eletronicamente&nbsp;<a href=\"https:\/\/enem.inep.gov.br\/participante\/#!\/\" target=\"_blank\" rel=\"noreferrer noopener\">no site da P\u00e1gina do Participante<\/a>&nbsp;do exame, com o login do portal \u00fanico de servi\u00e7os digitais do governo federal, o Gov.br.<\/p>\n\n\n\n<p><a href=\"https:\/\/agenciabrasil.ebc.com.br\/educacao\/noticia\/2025-04\/enem-2025-saiba-como-pedir-isencao-de-taxa-de-inscricao\" target=\"_blank\" rel=\"noreferrer noopener\"><strong>&gt;&gt;&nbsp;Enem 2025: saiba como pedir isen\u00e7\u00e3o da&nbsp;taxa de inscri\u00e7\u00e3o<\/strong><\/a><\/p>\n\n\n\n<p>O Instituto Nacional de Estudos e Pesquisas Educacionais An\u00edsio Teixeira (Inep), respons\u00e1vel pela aplica\u00e7\u00e3o das provas, esclarece que o mesmo per\u00edodo vale para aqueles participantes do Enem do ano passado que tiveram a gratuidade da taxa de inscri\u00e7\u00e3o, mas faltaram aos dias de prova e, agora, desejam fazem novamente o Enem de gra\u00e7a. A justificativa de aus\u00eancia tamb\u00e9m deve ser feita na P\u00e1gina do Participante at\u00e9 2 de maio.<\/p>\n\n\n\n<h2 class=\"wp-block-heading\">Quem tem direito<\/h2>\n\n\n\n<p><strong>O Minist\u00e9rio da Educa\u00e7\u00e3o (MEC) prev\u00ea a gratuidade da taxa de inscri\u00e7\u00e3o para pessoas:<\/strong><\/p>\n\n\n\n<ul class=\"wp-block-list\">\n<li><strong>matriculadas na 3\u00aa s\u00e9rie do ensino m\u00e9dio (neste ano de 2025), em escola p\u00fablica;<\/strong><\/li>\n\n\n\n<li><strong>que cursaram todo o ensino m\u00e9dio em escola p\u00fablica ou como bolsista integral em unidade de ensino privada;<\/strong><\/li>\n\n\n\n<li><strong>em situa\u00e7\u00e3o de vulnerabilidade socioecon\u00f4mica e Integrantes de fam\u00edlias inscritas no Cadastro \u00danico para Programas Sociais do governo federal (Cad\u00danico);<\/strong><\/li>\n\n\n\n<li><strong>participantes do programa federal P\u00e9-de-Meia.<\/strong><\/li>\n<\/ul>\n\n\n\n<p>J\u00e1 as condi\u00e7\u00f5es para quem precisa justificar a aus\u00eancia nos dias do Enem de 2024&nbsp;incluem, entre outras: assalto\/furto, acidente de tr\u00e2nsito, morte na fam\u00edlia, maternidade&nbsp;e&nbsp;paternidade, mudan\u00e7a de domic\u00edlio para acompanhamento de familiar, priva\u00e7\u00e3o de liberdade, emerg\u00eancia\/interna\u00e7\u00e3o\/repouso m\u00e9dico ou odontol\u00f3gico, trabalho ou atividade escolar.<\/p>\n\n\n\n<p><a href=\"https:\/\/www.in.gov.br\/en\/web\/dou\/-\/edital-n-15-de-11-de-marco-de-2025-617260967\" target=\"_blank\" rel=\"noreferrer noopener\">O edital do Inep<\/a>, que&nbsp;especifica as regras para justificativa, esclarece que as situa\u00e7\u00f5es acima devem ter ocorrido nos dias de aplica\u00e7\u00e3o regular do exame (3 ou 10 de novembro de 2024) ou nas datas de reaplica\u00e7\u00e3o das provas (em 10 e 11 de dezembro de 2024).<\/p>\n\n\n\n<h2 class=\"wp-block-heading\">Cronograma<\/h2>\n\n\n\n<p><strong>O resultado da justificativa de aus\u00eancia no Enem 2024 e solicita\u00e7\u00e3o de isen\u00e7\u00e3o da taxa de inscri\u00e7\u00e3o para o Enem 2025 ser\u00e1 publicado em 12 de maio.<\/strong><\/p>\n\n\n\n<p>Mesmo com a isen\u00e7\u00e3o confirmada pela equipe do Inep, o estudante precisar\u00e1 fazer a sua inscri\u00e7\u00e3o, no per\u00edodo a ser divulgado no futuro edital do Enem 2025.<\/p>\n\n\n\n<p>O solicitante que tiver o pedido negado para justificativa de aus\u00eancia no Enem 2024 ou para solicita\u00e7\u00e3o de isen\u00e7\u00e3o da taxa de inscri\u00e7\u00e3o para o Enem 2025 pode entrar com recurso entre 12 e 16 de maio. O resultado final das contesta\u00e7\u00e3o ser\u00e1 conhecido em 22 de maio.<\/p>\n\n\n\n<p>Os&nbsp;participantes que n\u00e3o solicitarem o recurso ou tiverem o pedido&nbsp;de isen\u00e7\u00e3o de pagamento da taxa de inscri\u00e7\u00e3o para o Enem 2025 reprovado&nbsp;dever\u00e3o fazer a inscri\u00e7\u00e3o conforme futuro edital do Enem 2025. Posteriormente, em per\u00edodo a ser definido, o custo de inscri\u00e7\u00e3o dever\u00e1 ser pago para a pessoa ter a ades\u00e3o confirmada.<\/p>\n\n\n\n<p>O valor da taxa de inscri\u00e7\u00e3o ainda n\u00e3o foi divulgado, mas,&nbsp;na edi\u00e7\u00e3o de 2024, foi de R$ 85. Dos 4,3 milh\u00f5es de inscritos confirmados no Enem do ano passado,&nbsp;<a href=\"https:\/\/agenciabrasil.ebc.com.br\/educacao\/noticia\/2024-11\/enem-2024-quase-10-mil-inscritos-tem-mais-de-60-anos\" target=\"_blank\" rel=\"noreferrer noopener\">63,6% foram isentos do pagamento da taxa de inscri\u00e7\u00e3o<\/a>.<\/p>\n\n\n\n<p>Daniella Almeida &#8211; rep\u00f3rter da Ag\u00eancia Brasil<br>Foto: \u00a9 T\u00e2nia R\u00eago\/Ag\u00eancia Brasil<br><\/p>\n","protected":false},"excerpt":{"rendered":"<p>O prazo para os interessados solicitarem a isen\u00e7\u00e3o da taxa de inscri\u00e7\u00e3o do Exame Nacional<\/p>\n","protected":false},"author":2,"featured_media":103551,"comment_status":"open","ping_status":"open","sticky":false,"template":"","format":"standard","meta":{"footnotes":""},"categories":[17],"tags":[],"class_list":["post-103550","post","type-post","status-publish","format-standard","has-post-thumbnail","hentry","category-outras-noticias"],"_links":{"self":[{"href":"https:\/\/tvc16.com\/portal\/wp-json\/wp\/v2\/posts\/103550","targetHints":{"allow":["GET"]}}],"collection":[{"href":"https:\/\/tvc16.com\/portal\/wp-json\/wp\/v2\/posts"}],"about":[{"href":"https:\/\/tvc16.com\/portal\/wp-json\/wp\/v2\/types\/post"}],"author":[{"embeddable":true,"href":"https:\/\/tvc16.com\/portal\/wp-json\/wp\/v2\/users\/2"}],"replies":[{"embeddable":true,"href":"https:\/\/tvc16.com\/portal\/wp-json\/wp\/v2\/comments?post=103550"}],"version-history":[{"count":1,"href":"https:\/\/tvc16.com\/portal\/wp-json\/wp\/v2\/posts\/103550\/revisions"}],"predecessor-version":[{"id":103552,"href":"https:\/\/tvc16.com\/portal\/wp-json\/wp\/v2\/posts\/103550\/revisions\/103552"}],"wp:featuredmedia":[{"embeddable":true,"href":"https:\/\/tvc16.com\/portal\/wp-json\/wp\/v2\/media\/103551"}],"wp:attachment":[{"href":"https:\/\/tvc16.com\/portal\/wp-json\/wp\/v2\/media?parent=103550"}],"wp:term":[{"taxonomy":"category","embeddable":true,"href":"https:\/\/tvc16.com\/portal\/wp-json\/wp\/v2\/categories?post=103550"},{"taxonomy":"post_tag","embeddable":true,"href":"https:\/\/tvc16.com\/portal\/wp-json\/wp\/v2\/tags?post=103550"}],"curies":[{"name":"wp","href":"https:\/\/api.w.org\/{rel}","templated":true}]}}