{"id":103553,"date":"2025-05-02T08:14:59","date_gmt":"2025-05-02T11:14:59","guid":{"rendered":"https:\/\/tvc16.com\/portal\/?p=103553"},"modified":"2025-05-02T08:15:00","modified_gmt":"2025-05-02T11:15:00","slug":"aposentados-do-inss-que-ganham-mais-que-o-minimo-comecam-a-receber-13o","status":"publish","type":"post","link":"https:\/\/tvc16.com\/portal\/2025\/05\/02\/aposentados-do-inss-que-ganham-mais-que-o-minimo-comecam-a-receber-13o\/","title":{"rendered":"Aposentados do INSS que ganham mais que o m\u00ednimo come\u00e7am a receber 13\u00ba"},"content":{"rendered":"\n<p><em>Pagamento a quem ganha benef\u00edcio m\u00ednimo come\u00e7ou no \u00faltimo dia 24<\/em><\/p>\n\n\n\n<p>Por Wellton M\u00e1ximo \u2013 Rep\u00f3rter da Ag\u00eancia Brasil \/ Foto: Marcello Casal Jr\/Ag\u00eancia Brasil\/Arquivo<\/p>\n\n\n\n<p><\/p>\n\n\n\n<p><strong>Os aposentados, pensionistas e benefici\u00e1rios de aux\u00edlios do Instituto Nacional do Seguro Social (INSS) que ganham mais de um sal\u00e1rio m\u00ednimo come\u00e7am a receber nesta sexta-feira (2) a primeira parcela do d\u00e9cimo terceiro. Feito de forma escalonada, conforme o d\u00edgito final do N\u00famero de Inscri\u00e7\u00e3o Social (NIS). O pagamento vai at\u00e9 8 de maio.<\/strong><img decoding=\"async\" src=\"https:\/\/agenciabrasil.ebc.com.br\/ebc.png?id=1641188&amp;o=node\"><img decoding=\"async\" src=\"https:\/\/agenciabrasil.ebc.com.br\/ebc.gif?id=1641188&amp;o=node\"><\/p>\n\n\n\n<p><a href=\"https:\/\/agenciabrasil.ebc.com.br\/economia\/noticia\/2025-04\/aposentados-e-pensionistas-comecam-receber-antecipacao-do-13o\" target=\"_blank\" rel=\"noreferrer noopener\">A antecipa\u00e7\u00e3o do d\u00e9cimo terceiro para quem ganha o benef\u00edcio m\u00ednimo, equivalente ao sal\u00e1rio m\u00ednimo de R$ 1.518, come\u00e7ou a ser paga no \u00faltimo dia 24<\/a>. Ao todo, cerca de 34,2 milh\u00f5es de pessoas est\u00e3o sendo beneficiadas com a medida.<\/p>\n\n\n\n<p><a href=\"https:\/\/agenciabrasil.ebc.com.br\/economia\/noticia\/2025-04\/inss-13o-antecipado-injetara-r-733-bi-na-economia-veja-calendario\" target=\"_blank\" rel=\"noreferrer noopener\">Com previs\u00e3o de injetar R$ 73,3 bilh\u00f5es na economia<\/a>, a antecipa\u00e7\u00e3o do d\u00e9cimo terceiro do INSS ser\u00e1 paga em duas parcelas. A segunda parcela vai de 26 de maio a 6 de junho. As datas s\u00e3o definidas com base no d\u00edgito final do N\u00famero de Inscri\u00e7\u00e3o Social (NIS) e com base na renda do benefici\u00e1rio. Quem ganha apenas o sal\u00e1rio m\u00ednimo come\u00e7a a receber antes de quem recebe mais que o m\u00ednimo.<\/p>\n\n\n\n<p><strong>Desde 16 de abril, a consulta do d\u00e9cimo terceiro pode ser feita no aplicativo Meu INSS, dispon\u00edvel para celulares e<em>&nbsp;tablets<\/em>, ou no&nbsp;<em>site&nbsp;<\/em>gov.br\/meuinss<\/strong>. Quem n\u00e3o tiver acesso \u00e0 internet pode consultar a libera\u00e7\u00e3o do d\u00e9cimo terceiro pelo telefone 135. Nesse caso, \u00e9 necess\u00e1rio informar o n\u00famero do Cadastro de Pessoas F\u00edsicas (CPF) e confirmar alguns dados ao atendente antes de fazer a consulta. O atendimento telef\u00f4nico est\u00e1 dispon\u00edvel de segunda a s\u00e1bado, das 7h \u00e0s 22h.<\/p>\n\n\n\n<figure class=\"wp-block-image\"><img decoding=\"async\" src=\"https:\/\/agenciabrasil.ebc.com.br\/sites\/default\/files\/thumbnails\/image\/2025\/04\/03\/13-tabela1_-_2025_v3.png\" alt=\"2025 - pagamento 13\u00ba INSS\" title=\"Arte\/Ag\u00eancia Brasil\"\/><\/figure>\n\n\n\n<h2 class=\"wp-block-heading\">Quem recebe mais que o sal\u00e1rio m\u00ednimo<\/h2>\n\n\n\n<figure class=\"wp-block-table\"><table class=\"has-fixed-layout\"><tbody><tr><td>&nbsp;&nbsp;&nbsp;&nbsp; Final do NIS<\/td><td>&nbsp;&nbsp;&nbsp; Primeira parcela<\/td><td>&nbsp;&nbsp;&nbsp; Segunda parcela<\/td><\/tr><tr><td>&nbsp;&nbsp;&nbsp; 1 e 6<\/td><td>&nbsp;&nbsp;&nbsp; 2 de maio<\/td><td>&nbsp;&nbsp;&nbsp; 2 de junho<\/td><\/tr><tr><td>&nbsp;&nbsp;&nbsp; 2 e 7<\/td><td>&nbsp;&nbsp;&nbsp; 5 de maio<\/td><td>&nbsp;&nbsp;&nbsp; 3 de junho<\/td><\/tr><tr><td>&nbsp;&nbsp;&nbsp; 3 e 8<\/td><td>&nbsp;&nbsp;&nbsp; 6 de maio<\/td><td>&nbsp;&nbsp;&nbsp; 4 de junho<\/td><\/tr><tr><td>&nbsp;&nbsp;&nbsp; 4 e 9<\/td><td>&nbsp;&nbsp;&nbsp; 7 de maio<\/td><td>&nbsp;&nbsp;&nbsp; 5 de junho<\/td><\/tr><tr><td>&nbsp;&nbsp;&nbsp; 5 e 0<\/td><td>&nbsp;&nbsp;&nbsp; 8 de maio<\/td><td>&nbsp;&nbsp;&nbsp; 6&nbsp;de junho<\/td><\/tr><\/tbody><\/table><\/figure>\n\n\n\n<p><a href=\"https:\/\/agenciabrasil.ebc.com.br\/economia\/noticia\/2025-04\/governo-antecipa-13o-de-aposentados-do-inss-para-abril-e-maio\" target=\"_blank\" rel=\"noreferrer noopener\">O decreto com a antecipa\u00e7\u00e3o do d\u00e9cimo terceiro do INSS foi assinado no in\u00edcio do m\u00eas passado pelo presidente Luiz In\u00e1cio Lula da Silva<\/a>. Este ser\u00e1 o sexto ano seguido em que os segurados do INSS receber\u00e3o do d\u00e9cimo terceiro antes das datas tradicionais, em agosto e em dezembro.Em 2020 e 2021, o pagamento ocorreu mais cedo por causa da pandemia de covid-19. Em 2022 e 2023, as parcelas foram pagas em maio e junho. Em 2024, em abril e maio.<\/p>\n\n\n\n<p><strong>Conforme os dados mais recentes do INSS, de fevereiro, 28,68 milh\u00f5es de pessoas, cerca de 70,5% do total dos segurados do INSS, ganham at\u00e9 um sal\u00e1rio m\u00ednimo&nbsp; por&nbsp; m\u00eas&nbsp; (R$ 1.518),&nbsp; enquanto 11,98 milh\u00f5es recebem acima do piso nacional. Desse total, 10,6 mil ganham o teto da Previd\u00eancia Social, que \u00e9 de R$ 8.157,41.<\/strong><\/p>\n\n\n\n<p>A maioria dos aposentados e pensionistas receber\u00e1 50% do d\u00e9cimo terceiro na primeira parcela. A exce\u00e7\u00e3o \u00e9 para quem passou a receber o benef\u00edcio depois de janeiro e ter\u00e1 o valor calculado proporcionalmente.<\/p>\n\n\n\n<p><strong>O Minist\u00e9rio da Previd\u00eancia esclarece que os segurados que recebem benef\u00edcio por incapacidade tempor\u00e1ria (antigo aux\u00edlio-doen\u00e7a) tamb\u00e9m t\u00eam direito a uma parcela menor do d\u00e9cimo terceiro, calculada de acordo com a dura\u00e7\u00e3o do benef\u00edcio. Por lei, os segurados que recebem benef\u00edcios assistenciais, como o Benef\u00edcio de Presta\u00e7\u00e3o Continuada (BPC) e o Renda Mensal Vital\u00edcia, n\u00e3o t\u00eam direito a d\u00e9cimo terceiro sal\u00e1rio.<\/strong><br><\/p>\n","protected":false},"excerpt":{"rendered":"<p>Pagamento a quem ganha benef\u00edcio m\u00ednimo come\u00e7ou no \u00faltimo dia 24 Por Wellton M\u00e1ximo \u2013<\/p>\n","protected":false},"author":2,"featured_media":103554,"comment_status":"open","ping_status":"open","sticky":false,"template":"","format":"standard","meta":{"footnotes":""},"categories":[17],"tags":[],"class_list":["post-103553","post","type-post","status-publish","format-standard","has-post-thumbnail","hentry","category-outras-noticias"],"_links":{"self":[{"href":"https:\/\/tvc16.com\/portal\/wp-json\/wp\/v2\/posts\/103553","targetHints":{"allow":["GET"]}}],"collection":[{"href":"https:\/\/tvc16.com\/portal\/wp-json\/wp\/v2\/posts"}],"about":[{"href":"https:\/\/tvc16.com\/portal\/wp-json\/wp\/v2\/types\/post"}],"author":[{"embeddable":true,"href":"https:\/\/tvc16.com\/portal\/wp-json\/wp\/v2\/users\/2"}],"replies":[{"embeddable":true,"href":"https:\/\/tvc16.com\/portal\/wp-json\/wp\/v2\/comments?post=103553"}],"version-history":[{"count":1,"href":"https:\/\/tvc16.com\/portal\/wp-json\/wp\/v2\/posts\/103553\/revisions"}],"predecessor-version":[{"id":103555,"href":"https:\/\/tvc16.com\/portal\/wp-json\/wp\/v2\/posts\/103553\/revisions\/103555"}],"wp:featuredmedia":[{"embeddable":true,"href":"https:\/\/tvc16.com\/portal\/wp-json\/wp\/v2\/media\/103554"}],"wp:attachment":[{"href":"https:\/\/tvc16.com\/portal\/wp-json\/wp\/v2\/media?parent=103553"}],"wp:term":[{"taxonomy":"category","embeddable":true,"href":"https:\/\/tvc16.com\/portal\/wp-json\/wp\/v2\/categories?post=103553"},{"taxonomy":"post_tag","embeddable":true,"href":"https:\/\/tvc16.com\/portal\/wp-json\/wp\/v2\/tags?post=103553"}],"curies":[{"name":"wp","href":"https:\/\/api.w.org\/{rel}","templated":true}]}}