{"id":103556,"date":"2025-05-02T08:20:45","date_gmt":"2025-05-02T11:20:45","guid":{"rendered":"https:\/\/tvc16.com\/portal\/?p=103556"},"modified":"2025-05-02T08:20:46","modified_gmt":"2025-05-02T11:20:46","slug":"brasil-sobe-47-posicoes-em-ranking-de-liberdade-de-imprensa","status":"publish","type":"post","link":"https:\/\/tvc16.com\/portal\/2025\/05\/02\/brasil-sobe-47-posicoes-em-ranking-de-liberdade-de-imprensa\/","title":{"rendered":"Brasil sobe 47 posi\u00e7\u00f5es em ranking de liberdade de imprensa"},"content":{"rendered":"\n<p><em>Especialistas indicam clima menos hostil p\u00f3s-governo Bolsonaro<\/em><\/p>\n\n\n\n<p>Por Ag\u00eancia Brasil \/ Foto: Lula Marques\/ Ag\u00eancia Brasil<\/p>\n\n\n\n<p><\/p>\n\n\n\n<p><strong>O Brasil deu um salto de 47 posi\u00e7\u00f5es no Ranking Mundial da Liberdade de Imprensa da Rep\u00f3rteres Sem Fronteiras (RSF)<\/strong>, organiza\u00e7\u00e3o n\u00e3o governamental e sem fins lucrativos. A compara\u00e7\u00e3o \u00e9 entre a posi\u00e7\u00e3o de 2025, quando pa\u00eds ficou na 63\u00ba posi\u00e7\u00e3o,&nbsp;e a de 2022. Segundo os pesquisadores, h\u00e1 um clima menos hostil ao jornalismo depois da \u201cera Bolsonaro\u201d.<img decoding=\"async\" src=\"https:\/\/agenciabrasil.ebc.com.br\/ebc.png?id=1641214&amp;o=node\"><img decoding=\"async\" src=\"https:\/\/agenciabrasil.ebc.com.br\/ebc.gif?id=1641214&amp;o=node\"><\/p>\n\n\n\n<p>O estudo define&nbsp;<strong>liberdade de imprensa como \u201ca possibilidade efetiva de jornalistas, como indiv\u00edduos e como coletivos, selecionarem, produzirem e divulgarem informa\u00e7\u00f5es de interesse p\u00fablico, independentemente de inger\u00eancias pol\u00edticas, econ\u00f4micas, legais e sociais, e sem amea\u00e7a \u00e0 sua seguran\u00e7a f\u00edsica e mental\u201d.<\/strong><\/p>\n\n\n\n<p>Os n\u00fameros brasileiros, por\u00e9m, est\u00e3o entre&nbsp;as poucas melhoras nesse indicador de&nbsp;2025. Seis em cada dez pa\u00edses ca\u00edram no ranking. Pela primeira vez na hist\u00f3ria do levantamento, as condi\u00e7\u00f5es para o jornalismo s\u00e3o consideradas \u201cruins\u201d em metade dos pa\u00edses do mundo e \u201csatisfat\u00f3rias\u201d em menos de um em cada quatro.<\/p>\n\n\n\n<p><strong>A pontua\u00e7\u00e3o m\u00e9dia de todos os pa\u00edses avaliados ficou abaixo de 55 pontos, o que qualifica a situa\u00e7\u00e3o da liberdade de imprensa no mundo como \u201cdif\u00edcil\u201d.<\/strong>&nbsp;Segundo a RSF, o ranking \u00e9 um \u00edndice que mede as condi\u00e7\u00f5es para o livre exerc\u00edcio do jornalismo em 180 pa\u00edses do mundo.<\/p>\n\n\n\n<p><strong>O \u00edndice tem cinco indicadores: pol\u00edtico, social, econ\u00f4mico, marco legal e seguran\u00e7a.&nbsp;<\/strong>Com base na pontua\u00e7\u00e3o de cada um, \u00e9 definida a pontua\u00e7\u00e3o geral por pa\u00eds. O indicador econ\u00f4mico foi o que mais pesou em 2025. O que significa falar em concentra\u00e7\u00e3o da propriedade dos meios de comunica\u00e7\u00e3o, press\u00e3o de anunciantes ou financiadores, aus\u00eancia, restri\u00e7\u00e3o ou atribui\u00e7\u00e3o opaca de aux\u00edlios p\u00fablicos.<\/p>\n\n\n\n<p>Segundo a RSF, os meios de comunica\u00e7\u00e3o est\u00e3o divididos entre a garantia da pr\u00f3pria independ\u00eancia e a luta pela sobreviv\u00eancia econ\u00f4mica.<\/p>\n\n\n\n<p>\u201cGarantir um espa\u00e7o de meios de comunica\u00e7\u00e3o pluralistas, livres e independentes exige condi\u00e7\u00f5es financeiras est\u00e1veis e transparentes. Sem independ\u00eancia econ\u00f4mica, n\u00e3o h\u00e1 imprensa livre. Quando um meio de comunica\u00e7\u00e3o est\u00e1 economicamente enfraquecido, ele \u00e9 arrastado pela corrida por audi\u00eancia, em detrimento da qualidade, e pode se tornar presa f\u00e1cil de oligarcas ou de tomadores de decis\u00e3o p\u00fablica que o exploram\u201d, diz Anne Bocand\u00e9, diretora editorial do RSF.<\/p>\n\n\n\n<blockquote class=\"wp-block-quote is-layout-flow wp-block-quote-is-layout-flow\">\n<p>\u201cA independ\u00eancia financeira \u00e9 uma condi\u00e7\u00e3o vital para assegurar uma informa\u00e7\u00e3o livre, confi\u00e1vel e voltada para o interesse p\u00fablico\u201d.<\/p>\n<\/blockquote>\n\n\n\n<h2 class=\"wp-block-heading\">Outros dados<\/h2>\n\n\n\n<p>Alguns pa\u00edses merecem destaque na pesquisa. Caso da&nbsp;<strong>Argentina, que ocupa a 87\u00aa posi\u00e7\u00e3o entre os 180 pa\u00edses<\/strong>. Segundo a pesquisa, h\u00e1 retrocessos pelas tend\u00eancias autorit\u00e1rias do governo do presidente Javier Milei, que estigmatizou jornalistas, desmantelou a m\u00eddia p\u00fablica e utilizou a publicidade estatal como instrumento de press\u00e3o pol\u00edtica. O pa\u00eds perdeu 47 posi\u00e7\u00f5es em dois anos.<\/p>\n\n\n\n<p><strong>O Peru (130\u00ba) tamb\u00e9m foi um lugar em que pesquisadores identificaram que a liberdade de imprensa entrou em colapso<\/strong>, 53 posi\u00e7\u00f5es a menos desde 2022. Os motivos apontados s\u00e3o ass\u00e9dio judicial, campanhas de desinforma\u00e7\u00e3o e crescente press\u00e3o sobre a m\u00eddia independente.<\/p>\n\n\n\n<p><strong>Os Estados Unidos (57\u00ba) s\u00e3o marcados pelo segundo mandato de Donald Trump<\/strong>,&nbsp;<strong>que, segundo o levantamento,&nbsp;&nbsp;politizou institui\u00e7\u00f5es, reduziu o apoio \u00e0 m\u00eddia independente e marginalizou jornalistas.<\/strong>&nbsp;No pa\u00eds, a confian\u00e7a na m\u00eddia est\u00e1 em queda, os rep\u00f3rteres t\u00eam enfrentado hostilidade e muitos jornais locais est\u00e3o desaparecendo. Trump tamb\u00e9m encerrou o financiamento federal da Ag\u00eancia dos Estados Unidos para a M\u00eddia Global (USAGM).<\/p>\n\n\n\n<p>As regi\u00f5es do Oriente M\u00e9dio e Norte da \u00c1frica s\u00e3o consideradas as mais perigosas para os jornalistas no mundo.&nbsp;<strong>Destaque, segundo a RSF, para o massacre do jornalismo em Gaza pelo ex\u00e9rcito israelense.&nbsp;<\/strong>A situa\u00e7\u00e3o de todos os pa\u00edses nessas regi\u00f5es \u00e9 considerada \u201cdif\u00edcil\u201d ou \u201cmuito grave\u201d, com exce\u00e7\u00e3o do Catar (79\u00ba).<\/p>\n\n\n\n<h2 class=\"wp-block-heading\">Big Techs<\/h2>\n\n\n\n<p>A RSF pontua o papel das big techs nos problemas atuais.&nbsp;<strong>Diz que a economia de m\u00eddia \u00e9 minada pelo dom\u00ednio do GAFAM (Google, Apple, Facebook, Amazon e Microsoft) na distribui\u00e7\u00e3o de informa\u00e7\u00f5es. O que significa falar em plataformas n\u00e3o regulamentadas, que capturam receitas de publicidade que sustentavam o jornalismo.<\/strong><\/p>\n\n\n\n<p>Os n\u00fameros de 2024 mostram que o gasto total com publicidade nas redes sociais alcan\u00e7ou US$ 247,3 bilh\u00f5es, aumento de 14% em rela\u00e7\u00e3o a 2023. A RSF aponta que elas tamb\u00e9m contribuem para a prolifera\u00e7\u00e3o de conte\u00fados manipulados ou enganosos, tornando piores os fen\u00f4menos de desinforma\u00e7\u00e3o.<\/p>\n\n\n\n<p>Outro ponto de preocupa\u00e7\u00e3o \u00e9 a concentra\u00e7\u00e3o de propriedade, que amea\u00e7a diretamente o pluralismo de imprensa. Em 46 pa\u00edses, a propriedade dos meios de comunica\u00e7\u00e3o est\u00e1 altamente concentrada \u2014 ou mesmo totalmente nas m\u00e3os do Estado \u2014, segundo a an\u00e1lise dos dados do ranking.<br><\/p>\n","protected":false},"excerpt":{"rendered":"<p>Especialistas indicam clima menos hostil p\u00f3s-governo Bolsonaro Por Ag\u00eancia Brasil \/ Foto: Lula Marques\/ Ag\u00eancia<\/p>\n","protected":false},"author":2,"featured_media":103557,"comment_status":"open","ping_status":"open","sticky":false,"template":"","format":"standard","meta":{"footnotes":""},"categories":[17],"tags":[],"class_list":["post-103556","post","type-post","status-publish","format-standard","has-post-thumbnail","hentry","category-outras-noticias"],"_links":{"self":[{"href":"https:\/\/tvc16.com\/portal\/wp-json\/wp\/v2\/posts\/103556","targetHints":{"allow":["GET"]}}],"collection":[{"href":"https:\/\/tvc16.com\/portal\/wp-json\/wp\/v2\/posts"}],"about":[{"href":"https:\/\/tvc16.com\/portal\/wp-json\/wp\/v2\/types\/post"}],"author":[{"embeddable":true,"href":"https:\/\/tvc16.com\/portal\/wp-json\/wp\/v2\/users\/2"}],"replies":[{"embeddable":true,"href":"https:\/\/tvc16.com\/portal\/wp-json\/wp\/v2\/comments?post=103556"}],"version-history":[{"count":1,"href":"https:\/\/tvc16.com\/portal\/wp-json\/wp\/v2\/posts\/103556\/revisions"}],"predecessor-version":[{"id":103558,"href":"https:\/\/tvc16.com\/portal\/wp-json\/wp\/v2\/posts\/103556\/revisions\/103558"}],"wp:featuredmedia":[{"embeddable":true,"href":"https:\/\/tvc16.com\/portal\/wp-json\/wp\/v2\/media\/103557"}],"wp:attachment":[{"href":"https:\/\/tvc16.com\/portal\/wp-json\/wp\/v2\/media?parent=103556"}],"wp:term":[{"taxonomy":"category","embeddable":true,"href":"https:\/\/tvc16.com\/portal\/wp-json\/wp\/v2\/categories?post=103556"},{"taxonomy":"post_tag","embeddable":true,"href":"https:\/\/tvc16.com\/portal\/wp-json\/wp\/v2\/tags?post=103556"}],"curies":[{"name":"wp","href":"https:\/\/api.w.org\/{rel}","templated":true}]}}