{"id":103565,"date":"2025-05-02T08:32:57","date_gmt":"2025-05-02T11:32:57","guid":{"rendered":"https:\/\/tvc16.com\/portal\/?p=103565"},"modified":"2025-05-02T08:33:00","modified_gmt":"2025-05-02T11:33:00","slug":"candidatura-rio-niteroi-entra-oficialmente-na-disputa-pelo-pan-2031","status":"publish","type":"post","link":"https:\/\/tvc16.com\/portal\/2025\/05\/02\/candidatura-rio-niteroi-entra-oficialmente-na-disputa-pelo-pan-2031\/","title":{"rendered":"Candidatura Rio-Niter\u00f3i entra oficialmente na disputa pelo Pan 2031"},"content":{"rendered":"\n<p><em>Assun\u00e7\u00e3o, capital do Paraguai, \u00e9 a \u00fanica concorrente<\/em><\/p>\n\n\n\n<p>Por Ag\u00eancia Brasil \/ Foto: Tomaz Silva\/Ag\u00eancia Brasil<\/p>\n\n\n\n<p><\/p>\n\n\n\n<p>A&nbsp;<strong>Organiza\u00e7\u00e3o Desportiva Pan-Americana (Panam Sports) oficializou nesta quinta-feira (1\u00ba) a candidatura conjunta das cidades do Rio de Janeiro e Niter\u00f3i a sede dos Jogos Pan-Americanos e Parapan-Americanos de 2031<\/strong>.<img decoding=\"async\" src=\"https:\/\/agenciabrasil.ebc.com.br\/ebc.png?id=1641250&amp;o=node\"><img decoding=\"async\" src=\"https:\/\/agenciabrasil.ebc.com.br\/ebc.gif?id=1641250&amp;o=node\"><\/p>\n\n\n\n<p>Tamb\u00e9m&nbsp;<strong>foi certificada a \u00fanica concorrente, a capital paraguaia, Assun\u00e7\u00e3o<\/strong>.&nbsp;<\/p>\n\n\n\n<p>O&nbsp;<strong>presidente da Panam Sports<\/strong>, o chileno&nbsp;<strong>Neven Ilic<\/strong>, disse que a<strong>&nbsp;organiza\u00e7\u00e3o est\u00e1 feliz e orgulhosa com as duas op\u00e7\u00f5es<\/strong>.&nbsp;<\/p>\n\n\n\n<blockquote class=\"wp-block-quote is-layout-flow wp-block-quote-is-layout-flow\">\n<p>&#8220;N\u00e3o s\u00f3 cumprem os requisitos de cidade-sede, como tamb\u00e9m evidenciam uma paix\u00e3o e motiva\u00e7\u00e3o de suas autoridades, que s\u00e3o muito importantes para esses processos&#8221;, declarou.<\/p>\n<\/blockquote>\n\n\n\n<p>As&nbsp;<strong>duas candidatas entregaram os dossi\u00eas com os requisitos exigidos pela Panam Sports<\/strong>. Nos pr\u00f3ximos dias, uma&nbsp;<strong>comiss\u00e3o de avalia\u00e7\u00e3o ser\u00e1 formada para revisar esses documentos<\/strong>.<\/p>\n\n\n\n<p>A&nbsp;<strong>escolha ser\u00e1 feita por meio de uma elei\u00e7\u00e3o<\/strong>, que tamb\u00e9m ter\u00e1 os detalhes informados pelo Comit\u00ea Executivo da Panam Sports nos pr\u00f3ximos dias.&nbsp;<\/p>\n\n\n\n<p>O<strong>&nbsp;col\u00e9gio eleitoral da Panam Sports<\/strong>&nbsp;\u00e9 formado por um&nbsp;<strong>total de 41 comit\u00eas ol\u00edmpicos nacionais<\/strong>, que&nbsp;<strong>totalizam 53 votos<\/strong>&nbsp;\u2500 pa\u00edses que j\u00e1 organizaram a competi\u00e7\u00e3o t\u00eam direito a dar dois votos.<\/p>\n\n\n\n<p>O&nbsp;<strong>Brasil j\u00e1 sediou o Pan em 1963<\/strong>&nbsp;<strong>(S\u00e3o Paulo) e 2007 (Rio de Janeiro)&nbsp;<\/strong>e&nbsp;<strong>tem direito a dois votos<\/strong>. J\u00e1 o&nbsp;<strong>Paraguai busca ser sede pela primeira vez<\/strong>.&nbsp;<\/p>\n\n\n\n<h2 class=\"wp-block-heading\">Experi\u00eancia do Rio ajuda<\/h2>\n\n\n\n<p>O prefeito do Rio de Janeiro, Eduardo Paes, destacou que a experi\u00eancia da capital fluminense, sede dos Jogos Ol\u00edmpicos e Paral\u00edmpicos de 2016, ajuda a refor\u00e7ar a candidatura.&nbsp;<\/p>\n\n\n\n<blockquote class=\"wp-block-quote is-layout-flow wp-block-quote-is-layout-flow\">\n<p>&#8220;Mas tamb\u00e9m queremos aprender com todas as na\u00e7\u00f5es das Am\u00e9ricas, ouvir sugest\u00f5es e partilhar conhecimentos. Dessa maneira, organizaremos Jogos grandiosos n\u00e3o s\u00f3 para os cariocas, para o povo brasileiro, mas tamb\u00e9m para todos no continente&#8221;, afirmou.<\/p>\n<\/blockquote>\n\n\n\n<p>J\u00e1 o prefeito de Niter\u00f3i, Rodrigo Neves, promete &#8220;um legado de infraestrutura urbana, esporte e mobilidade que vai ultrapassar as cidades-sede e se estender para toda a regi\u00e3o metropolitana&#8221;.<\/p>\n\n\n\n<blockquote class=\"wp-block-quote is-layout-flow wp-block-quote-is-layout-flow\">\n<p>&#8220;Antes mesmo dos Jogos Pan-Americanos, lan\u00e7aremos o Time Rio-Niter\u00f3i, um programa de apoio aos atletas que tem o apoio do Comit\u00ea Ol\u00edmpico Brasileiro e engloba todo o Estado do Rio. Al\u00e9m disso, vamos fazer cinco Gin\u00e1sios Educacionais Ol\u00edmpicos em Niter\u00f3i&#8221;.<\/p>\n<\/blockquote>\n\n\n\n<h2 class=\"wp-block-heading\">Detalhes da candidatura<\/h2>\n\n\n\n<p>Rio e Niter\u00f3i precisaram apresentar detalhes que s\u00e3o previstos para a realiza\u00e7\u00e3o das competi\u00e7\u00f5es, que ter\u00e3o&nbsp;<strong>38 modalidades distribu\u00eddas por 57 disciplinas<\/strong>. Tamb\u00e9m foram informadas as datas previstas:<\/p>\n\n\n\n<ul class=\"wp-block-list\">\n<li><strong>Abertura dos Jogos Pan-Americanos:\u00a0<\/strong>8 de agosto de 2031<\/li>\n\n\n\n<li><strong>Encerramento dos Jogos Pan-Americanos:<\/strong>\u00a024 de agosto de 2031<\/li>\n\n\n\n<li><strong>Abertura dos Jogos Pan-Americanos:<\/strong>\u00a07 de setembro de 2031<\/li>\n\n\n\n<li><strong>Encerramento dos Jogos Pan-Americanos:<\/strong>\u00a016 de setembro de 2031<\/li>\n<\/ul>\n\n\n\n<p>O dossi\u00ea de candidatura apresentado pelas cidades fluminenses prev\u00ea a&nbsp;<strong>necessidade de que sejam investidos US$ 667 milh\u00f5es, ou R$ 3,8 bilh\u00f5es<\/strong>.<\/p>\n\n\n\n<p>No documento, os organizadores afirmam que os tr\u00eas n\u00edveis de governo \u2500 municipal, estadual e federal \u2500 est\u00e3o comprometidos com os custos iniciais da candidatura.<\/p>\n\n\n\n<p>&#8220;Se confirmada como sede, o comit\u00ea organizador de Rio-Niter\u00f3i assumir\u00e1 a responsabilidade por desenvolver um plano de neg\u00f3cios que assegure financiamento privado significativo e reduza o impacto financeiro nos entes p\u00fablicos&#8221;, complementa.&nbsp;<\/p>\n\n\n\n<p>As&nbsp;<strong>cidades tamb\u00e9m j\u00e1 preveem cinco zonas que receber\u00e3o os eventos: Barra da Tijuca, Copacabana, Deodoro e Porto Maravilha, no Rio de Janeiro, e Niter\u00f3i<\/strong>.<\/p>\n\n\n\n<p>No caso do<strong>&nbsp;futebol<\/strong>, al\u00e9m do&nbsp;<strong>Maracan\u00e3, haver\u00e1 jogos em Belo Horizonte (Est\u00e1dio Mineir\u00e3o), Bras\u00edlia (Est\u00e1dio Man\u00e9 Garrincha), Salvador (Arena Fonte Nova) e S\u00e3o Paulo (Arena Itaquera)<\/strong>.<\/p>\n\n\n\n<p>Uma das estruturas mais importantes da competi\u00e7\u00e3o \u00e9 a&nbsp;<strong>vila dos atletas<\/strong>, que, no caso da proposta Rio-Niter\u00f3i, ser\u00e1&nbsp;<strong>formada por sete torres residenciais, com 2.083 apartamentos de dois e tr\u00eas quartos para atender a 7.500 atletas e 2.800 oficiais<\/strong>.<\/p>\n\n\n\n<p>A&nbsp;<strong>vila est\u00e1 programada para ser erguida na zona portu\u00e1ria do Rio<\/strong>, regi\u00e3o que tem recebido investimentos imobili\u00e1rios em grande escala.<\/p>\n\n\n\n<p>Uma das provas mais tradicionais entre os esportes ol\u00edmpicos, a<strong>&nbsp;maratona est\u00e1 prevista para cruzar a Ponte Rio-Niter\u00f3i<\/strong>, com largada no Caminho Niemeyer, na cidade sorriso, e chegada na Praia de Copacabana, na zona sul do Rio.&nbsp;<br><\/p>\n","protected":false},"excerpt":{"rendered":"<p>Assun\u00e7\u00e3o, capital do Paraguai, \u00e9 a \u00fanica concorrente Por Ag\u00eancia Brasil \/ Foto: Tomaz Silva\/Ag\u00eancia<\/p>\n","protected":false},"author":2,"featured_media":103566,"comment_status":"open","ping_status":"open","sticky":false,"template":"","format":"standard","meta":{"footnotes":""},"categories":[17],"tags":[],"class_list":["post-103565","post","type-post","status-publish","format-standard","has-post-thumbnail","hentry","category-outras-noticias"],"_links":{"self":[{"href":"https:\/\/tvc16.com\/portal\/wp-json\/wp\/v2\/posts\/103565","targetHints":{"allow":["GET"]}}],"collection":[{"href":"https:\/\/tvc16.com\/portal\/wp-json\/wp\/v2\/posts"}],"about":[{"href":"https:\/\/tvc16.com\/portal\/wp-json\/wp\/v2\/types\/post"}],"author":[{"embeddable":true,"href":"https:\/\/tvc16.com\/portal\/wp-json\/wp\/v2\/users\/2"}],"replies":[{"embeddable":true,"href":"https:\/\/tvc16.com\/portal\/wp-json\/wp\/v2\/comments?post=103565"}],"version-history":[{"count":1,"href":"https:\/\/tvc16.com\/portal\/wp-json\/wp\/v2\/posts\/103565\/revisions"}],"predecessor-version":[{"id":103567,"href":"https:\/\/tvc16.com\/portal\/wp-json\/wp\/v2\/posts\/103565\/revisions\/103567"}],"wp:featuredmedia":[{"embeddable":true,"href":"https:\/\/tvc16.com\/portal\/wp-json\/wp\/v2\/media\/103566"}],"wp:attachment":[{"href":"https:\/\/tvc16.com\/portal\/wp-json\/wp\/v2\/media?parent=103565"}],"wp:term":[{"taxonomy":"category","embeddable":true,"href":"https:\/\/tvc16.com\/portal\/wp-json\/wp\/v2\/categories?post=103565"},{"taxonomy":"post_tag","embeddable":true,"href":"https:\/\/tvc16.com\/portal\/wp-json\/wp\/v2\/tags?post=103565"}],"curies":[{"name":"wp","href":"https:\/\/api.w.org\/{rel}","templated":true}]}}