{"id":10357,"date":"2021-02-12T12:48:30","date_gmt":"2021-02-12T15:48:30","guid":{"rendered":"https:\/\/tvc16.com\/portal\/?p=10357"},"modified":"2021-02-12T12:48:32","modified_gmt":"2021-02-12T15:48:32","slug":"prf-inicia-operacao-carnaval-2021-nas-rodovias-federais","status":"publish","type":"post","link":"https:\/\/tvc16.com\/portal\/2021\/02\/12\/prf-inicia-operacao-carnaval-2021-nas-rodovias-federais\/","title":{"rendered":"PRF inicia Opera\u00e7\u00e3o Carnaval 2021 nas rodovias federais"},"content":{"rendered":"\n<h3 class=\"wp-block-heading\">Intuito \u00e9 conscientizar motoristas e evitar acidentes grave<\/h3>\n\n\n\n<h3 class=\"wp-block-heading\">Por Luciano Nascimento \u2013 Rep\u00f3rter da Ag\u00eancia Brasil &#8211; Bras\u00edlia<\/h3>\n\n\n\n<p>A Pol\u00edcia Rodovi\u00e1ria Federal (PRF) iniciou hoje (12) \u00e0 0h a Opera\u00e7\u00e3o Carnaval 2021, que seguir\u00e1 at\u00e9 a meia-noite da&nbsp;quarta-feira de cinzas (17) nas rodovias federais do pa\u00eds. A atividade tem como objetivo conscientizar os motoristas para que dirijam com aten\u00e7\u00e3o e n\u00e3o cometam infra\u00e7\u00f5es e, consequentemente, diminuir o n\u00famero de acidentes graves, feridos e mortos durante o per\u00edodo carnavalesco.<img decoding=\"async\" src=\"https:\/\/agenciabrasil.ebc.com.br\/ebc.png?id=1401246&amp;o=node\"><img decoding=\"async\" src=\"https:\/\/agenciabrasil.ebc.com.br\/ebc.gif?id=1401246&amp;o=node\"><\/p>\n\n\n\n<p>Mesmo com a pandemia, a PRF tem a expectativa de aumento no fluxo rodovi\u00e1rio em compara\u00e7\u00e3o aos dias comuns. Entre as a\u00e7\u00f5es da opera\u00e7\u00e3o, est\u00e3o a realiza\u00e7\u00e3o de blitz, principalmente, nos pontos com maiores \u00edndices de acidentese&nbsp;nos hor\u00e1rios de maior fluxo de ve\u00edculos, e a\u00e7\u00f5es de educa\u00e7\u00e3o dos condutores.<\/p>\n\n\n\n<p>Para os motoristas que v\u00e3o pegar a estrada, a PRF orienta fazer uma revis\u00e3o preventiva no ve\u00edculo, com checagem dos pneus, dos sistemas de ilumina\u00e7\u00e3o e suspens\u00e3o, assim como dos equipamentos obrigat\u00f3rios.<\/p>\n\n\n\n<p>Al\u00e9m disso, a pol\u00edcia lembra que tamb\u00e9m \u00e9 necess\u00e1rio respeitar os limites de velocidade e a sinaliza\u00e7\u00e3o das rodovias, evitar a ingest\u00e3o de bebidas alco\u00f3licas e manter dist\u00e2ncia de seguran\u00e7a em rela\u00e7\u00e3o aos demais ve\u00edculos.<\/p>\n\n\n\n<p>De acordo com a PRF, este ano, a opera\u00e7\u00e3o contar\u00e1 tamb\u00e9m com uma campanha voltada para discutir a \u201cresponsabiliza\u00e7\u00e3o dos causadores dos acidentes como forma de reduzir a viol\u00eancia no tr\u00e2nsito e os custos sociais decorrentes.\u201d<\/p>\n\n\n\n<p>A ideia \u00e9 sensibilizar motoristas e pedestres a respeito do seu papel, das suas obriga\u00e7\u00f5es e dos cuidados necess\u00e1rios para proteger a vida.<\/p>\n\n\n\n<p>Edi\u00e7\u00e3o: L\u00edlian Beraldo<\/p>\n","protected":false},"excerpt":{"rendered":"<p>Intuito \u00e9 conscientizar motoristas e evitar acidentes grave Por Luciano Nascimento \u2013 Rep\u00f3rter da Ag\u00eancia<\/p>\n","protected":false},"author":2,"featured_media":10358,"comment_status":"open","ping_status":"open","sticky":false,"template":"","format":"standard","meta":{"footnotes":""},"categories":[17],"tags":[],"class_list":["post-10357","post","type-post","status-publish","format-standard","has-post-thumbnail","hentry","category-outras-noticias"],"_links":{"self":[{"href":"https:\/\/tvc16.com\/portal\/wp-json\/wp\/v2\/posts\/10357","targetHints":{"allow":["GET"]}}],"collection":[{"href":"https:\/\/tvc16.com\/portal\/wp-json\/wp\/v2\/posts"}],"about":[{"href":"https:\/\/tvc16.com\/portal\/wp-json\/wp\/v2\/types\/post"}],"author":[{"embeddable":true,"href":"https:\/\/tvc16.com\/portal\/wp-json\/wp\/v2\/users\/2"}],"replies":[{"embeddable":true,"href":"https:\/\/tvc16.com\/portal\/wp-json\/wp\/v2\/comments?post=10357"}],"version-history":[{"count":1,"href":"https:\/\/tvc16.com\/portal\/wp-json\/wp\/v2\/posts\/10357\/revisions"}],"predecessor-version":[{"id":10359,"href":"https:\/\/tvc16.com\/portal\/wp-json\/wp\/v2\/posts\/10357\/revisions\/10359"}],"wp:featuredmedia":[{"embeddable":true,"href":"https:\/\/tvc16.com\/portal\/wp-json\/wp\/v2\/media\/10358"}],"wp:attachment":[{"href":"https:\/\/tvc16.com\/portal\/wp-json\/wp\/v2\/media?parent=10357"}],"wp:term":[{"taxonomy":"category","embeddable":true,"href":"https:\/\/tvc16.com\/portal\/wp-json\/wp\/v2\/categories?post=10357"},{"taxonomy":"post_tag","embeddable":true,"href":"https:\/\/tvc16.com\/portal\/wp-json\/wp\/v2\/tags?post=10357"}],"curies":[{"name":"wp","href":"https:\/\/api.w.org\/{rel}","templated":true}]}}