{"id":103571,"date":"2025-05-02T08:43:07","date_gmt":"2025-05-02T11:43:07","guid":{"rendered":"https:\/\/tvc16.com\/portal\/?p=103571"},"modified":"2025-05-02T08:43:07","modified_gmt":"2025-05-02T11:43:07","slug":"corrida-do-trabalhador-reune-mais-de-12-mil-atletas-no-centro-historico-de-petropolis","status":"publish","type":"post","link":"https:\/\/tvc16.com\/portal\/2025\/05\/02\/corrida-do-trabalhador-reune-mais-de-12-mil-atletas-no-centro-historico-de-petropolis\/","title":{"rendered":"Corrida do Trabalhador re\u00fane mais de 1,2 mil atletas no Centro Hist\u00f3rico de Petr\u00f3polis"},"content":{"rendered":"\n<p>A manh\u00e3 desta quinta-feira (1\u00ba) foi de celebra\u00e7\u00e3o ao esporte e ao Dia do Trabalho em Petr\u00f3polis. A tradicional Corrida do Trabalhador, promovida pela Prefeitura, reuniu cerca de 1,2 mil participantes no percurso de 5 quil\u00f4metros pelas ruas do Centro Hist\u00f3rico.<\/p>\n\n\n\n<p>A largada foi dada pontualmente \u00e0s 7h30 na Rua Alfredo Pach\u00e1, que tamb\u00e9m recebeu a chegada dos atletas, em um circuito marcado pela energia dos corredores. \u201cEste evento \u00e9 uma grande celebra\u00e7\u00e3o do esporte e da uni\u00e3o da nossa cidade. J\u00e1 estamos planejando um evento ainda melhor e maior para o pr\u00f3ximo ano, com previs\u00e3o de 2 mil participantes\u201d, destacou o prefeito Hingo Hammes, que acompanhou a corrida.<\/p>\n\n\n\n<p>O evento teve participa\u00e7\u00e3o de atletas amadores, profissionais e tamb\u00e9m de corredores da categoria PCD, valorizando a diversidade e o incentivo \u00e0 pr\u00e1tica esportiva em todas as faixas et\u00e1rias. \u201c\u00c9 um privil\u00e9gio ver a cidade se mobilizando para eventos como este. Estamos cada vez mais empenhados em promover a\u00e7\u00f5es esportivas para toda a popula\u00e7\u00e3o de Petr\u00f3polis\u201d, afirmou o secret\u00e1rio de Esportes, Leandro Kronenberger.<\/p>\n\n\n\n<p>O primeiro a cruzar a linha de chegada foi Yago de Souza Werneck, com o tempo de 17 minutos e 25 segundos. J\u00e1 entre as mulheres, Let\u00edcia Jochem Ribeiro garantiu o topo do p\u00f3dio com 21 minutos e 19 segundos. \u201cA organiza\u00e7\u00e3o da corrida foi excelente, e fico muito feliz por conquistar minha quarta vit\u00f3ria na Corrida do Trabalhador. \u00c9 sempre uma honra competir aqui\u201d, disse Yago, emocionado com sua vit\u00f3ria. A corrida contou com apoio de equipes de sa\u00fade, seguran\u00e7a e tr\u00e2nsito, garantindo a tranquilidade e organiza\u00e7\u00e3o da prova.<\/p>\n\n\n\n<p>Confira os primeiros colocados por categoria:<\/p>\n\n\n\n<p>5KM Masculino<br>1\u00ba \u2013 Yago de Souza Werneck, 26 anos \u2013 17min25s<br>2\u00ba \u2013 Jo\u00e3o Marcos Carvalho da Silva Soares, 24 anos \u2013 17min38s<br>3\u00ba \u2013 F\u00e1bio Sanches, 28 anos \u2013 18min18s<br>4\u00ba \u2013 Wellington Rodrigues de Oliveira, 35 anos \u2013 18min24s<br>5\u00ba \u2013 Jo\u00e3o Fernando, 39 anos \u2013 18min32s<\/p>\n\n\n\n<p>5KM Feminino<br>1\u00ba \u2013 Let\u00edcia Jochem Ribeiro, 25 anos \u2013 21min19s<br>2\u00ba \u2013 \u00cdsis Costa da Silva, 32 anos \u2013 21min38s<br>3\u00ba \u2013 Giuliana Silveira Sa Bade Fecher, 48 anos \u2013 23min00s<br>4\u00ba \u2013 J\u00e9ssika Larentis, 34 anos \u2013 23min36s<br>5\u00ba \u2013 Priscila Miguez, 42 anos \u2013 24min02s<\/p>\n\n\n\n<p>5KM PCD Masculino<br>1\u00ba \u2013 Elias Granja, 54 anos \u2013 24min07s<br>2\u00ba \u2013 Luis Fernando Motta, 53 anos \u2013 25min13s<\/p>\n","protected":false},"excerpt":{"rendered":"<p>A manh\u00e3 desta quinta-feira (1\u00ba) foi de celebra\u00e7\u00e3o ao esporte e ao Dia do Trabalho<\/p>\n","protected":false},"author":2,"featured_media":103572,"comment_status":"open","ping_status":"open","sticky":false,"template":"","format":"standard","meta":{"footnotes":""},"categories":[12],"tags":[],"class_list":["post-103571","post","type-post","status-publish","format-standard","has-post-thumbnail","hentry","category-cidade"],"_links":{"self":[{"href":"https:\/\/tvc16.com\/portal\/wp-json\/wp\/v2\/posts\/103571","targetHints":{"allow":["GET"]}}],"collection":[{"href":"https:\/\/tvc16.com\/portal\/wp-json\/wp\/v2\/posts"}],"about":[{"href":"https:\/\/tvc16.com\/portal\/wp-json\/wp\/v2\/types\/post"}],"author":[{"embeddable":true,"href":"https:\/\/tvc16.com\/portal\/wp-json\/wp\/v2\/users\/2"}],"replies":[{"embeddable":true,"href":"https:\/\/tvc16.com\/portal\/wp-json\/wp\/v2\/comments?post=103571"}],"version-history":[{"count":1,"href":"https:\/\/tvc16.com\/portal\/wp-json\/wp\/v2\/posts\/103571\/revisions"}],"predecessor-version":[{"id":103573,"href":"https:\/\/tvc16.com\/portal\/wp-json\/wp\/v2\/posts\/103571\/revisions\/103573"}],"wp:featuredmedia":[{"embeddable":true,"href":"https:\/\/tvc16.com\/portal\/wp-json\/wp\/v2\/media\/103572"}],"wp:attachment":[{"href":"https:\/\/tvc16.com\/portal\/wp-json\/wp\/v2\/media?parent=103571"}],"wp:term":[{"taxonomy":"category","embeddable":true,"href":"https:\/\/tvc16.com\/portal\/wp-json\/wp\/v2\/categories?post=103571"},{"taxonomy":"post_tag","embeddable":true,"href":"https:\/\/tvc16.com\/portal\/wp-json\/wp\/v2\/tags?post=103571"}],"curies":[{"name":"wp","href":"https:\/\/api.w.org\/{rel}","templated":true}]}}