{"id":103574,"date":"2025-05-02T10:58:22","date_gmt":"2025-05-02T13:58:22","guid":{"rendered":"https:\/\/tvc16.com\/portal\/?p=103574"},"modified":"2025-05-02T10:58:23","modified_gmt":"2025-05-02T13:58:23","slug":"policia-prende-criminosos-por-trafico-de-drogas-em-nova-friburgo","status":"publish","type":"post","link":"https:\/\/tvc16.com\/portal\/2025\/05\/02\/policia-prende-criminosos-por-trafico-de-drogas-em-nova-friburgo\/","title":{"rendered":"Pol\u00edcia prende criminosos por tr\u00e1fico de drogas em Nova Friburgo"},"content":{"rendered":"\n<p>Policiais civis da 151\u00aaDP (Nova Friburgo), em a\u00e7\u00e3o conjunta com a Pol\u00edcia Militar, prenderam dois homens em flagrante por tr\u00e1fico e associa\u00e7\u00e3o para o tr\u00e1fico de drogas, nesta quarta-feira (30\/04), no munic\u00edpio de Friburgo, Regi\u00e3o Serrana do Rio. A dupla foi detida, ap\u00f3s den\u00fancias sobre a comercializa\u00e7\u00e3o de entorpecentes no bairro Olaria.<\/p>\n\n\n\n<p>De acordo com os agentes, os criminosos ainda tentaram fugir, mas foram detidos. Com eles foi apreendida vasta quantidade de drogas.<\/p>\n","protected":false},"excerpt":{"rendered":"<p>Policiais civis da 151\u00aaDP (Nova Friburgo), em a\u00e7\u00e3o conjunta com a Pol\u00edcia Militar, prenderam dois<\/p>\n","protected":false},"author":2,"featured_media":101509,"comment_status":"open","ping_status":"open","sticky":false,"template":"","format":"standard","meta":{"footnotes":""},"categories":[17],"tags":[],"class_list":["post-103574","post","type-post","status-publish","format-standard","has-post-thumbnail","hentry","category-outras-noticias"],"_links":{"self":[{"href":"https:\/\/tvc16.com\/portal\/wp-json\/wp\/v2\/posts\/103574","targetHints":{"allow":["GET"]}}],"collection":[{"href":"https:\/\/tvc16.com\/portal\/wp-json\/wp\/v2\/posts"}],"about":[{"href":"https:\/\/tvc16.com\/portal\/wp-json\/wp\/v2\/types\/post"}],"author":[{"embeddable":true,"href":"https:\/\/tvc16.com\/portal\/wp-json\/wp\/v2\/users\/2"}],"replies":[{"embeddable":true,"href":"https:\/\/tvc16.com\/portal\/wp-json\/wp\/v2\/comments?post=103574"}],"version-history":[{"count":1,"href":"https:\/\/tvc16.com\/portal\/wp-json\/wp\/v2\/posts\/103574\/revisions"}],"predecessor-version":[{"id":103575,"href":"https:\/\/tvc16.com\/portal\/wp-json\/wp\/v2\/posts\/103574\/revisions\/103575"}],"wp:featuredmedia":[{"embeddable":true,"href":"https:\/\/tvc16.com\/portal\/wp-json\/wp\/v2\/media\/101509"}],"wp:attachment":[{"href":"https:\/\/tvc16.com\/portal\/wp-json\/wp\/v2\/media?parent=103574"}],"wp:term":[{"taxonomy":"category","embeddable":true,"href":"https:\/\/tvc16.com\/portal\/wp-json\/wp\/v2\/categories?post=103574"},{"taxonomy":"post_tag","embeddable":true,"href":"https:\/\/tvc16.com\/portal\/wp-json\/wp\/v2\/tags?post=103574"}],"curies":[{"name":"wp","href":"https:\/\/api.w.org\/{rel}","templated":true}]}}