{"id":103578,"date":"2025-05-03T10:21:41","date_gmt":"2025-05-03T13:21:41","guid":{"rendered":"https:\/\/tvc16.com\/portal\/?p=103578"},"modified":"2025-05-03T11:21:20","modified_gmt":"2025-05-03T14:21:20","slug":"jovem-morre-em-brinquedo-do-crazy-park-na-expo-petropolis-e-duas-mulheres-ficam-feridas","status":"publish","type":"post","link":"https:\/\/tvc16.com\/portal\/2025\/05\/03\/jovem-morre-em-brinquedo-do-crazy-park-na-expo-petropolis-e-duas-mulheres-ficam-feridas\/","title":{"rendered":"Jovem morre em brinquedo do parque de divers\u00f5es Crazy Park na Expo Petr\u00f3polis e duas mulheres ficam feridas"},"content":{"rendered":"\n<p><em>Pol\u00edcia Civil informou que foi instaurado procedimento policial para apurar as circunst\u00e2ncias do acidente<\/em><\/p>\n\n\n\n<p>Na noite de s\u00e1bado (03), um acidente em um dos brinquedos do parque de divers\u00f5es Crazy Park, instalado na Expo Petr\u00f3polis 2025, resultou na morte de um rapaz. Duas mulheres tamb\u00e9m ficaram feridas. O homem, de 19 anos, faleceu ao chegar na unidade devido a m\u00faltiplas les\u00f5es, uma mulher teve ferimentos mas j\u00e1 foi liberada, e a outra teve escoria\u00e7\u00f5es e foi liberada ainda na madrugada. Testemunhas afirmam que a trava de seguran\u00e7a do equipamento soltou em uma das voltas do brinquedo.<\/p>\n\n\n\n<p>A Pol\u00edcia Civil informou que foi instaurado procedimento policial para apurar as circunst\u00e2ncias do acidente ocorrido no parque de divers\u00f5es. A per\u00edcia t\u00e9cnica j\u00e1 foi realizada no local, e testemunhas iniciais foram ouvidas. Outras testemunhas seguem sendo convocadas e ouvidas no curso da investiga\u00e7\u00e3o. Dilig\u00eancias est\u00e3o em andamento para a completa elucida\u00e7\u00e3o dos fatos.<\/p>\n\n\n\n<p>Quem presenciou o acidente se diz aterrorizado. \u201cFoi uma cena terr\u00edvel! O menino perdeu muito sangue porque o brinquedo n\u00e3o parou de imediato. E quando finalmente conseguiram iniciar o atendimento, eu ouvi os seguran\u00e7as dizendo que ele j\u00e1 n\u00e3o tinha pulso\u201d, afirmou o atendente de loja Andr\u00e9 Augusto Farias Lima.<\/p>\n\n\n\n<p><strong>Posicionamento Crazy Parque<\/strong><\/p>\n\n\n\n<p>O Crazy Parque informa, por meio de seu departamento jur\u00eddico, e em virtude do compromisso com a transpar\u00eancia e a comunica\u00e7\u00e3o respons\u00e1vel, emitem esta nota para esclarecer detalhes referentes ao incidente ocorrido nas depend\u00eancias da EXPO PETROPOLIS no dia 03 de maio de 2025. A ocorr\u00eancia at\u00edpica demandou a pronta mobiliza\u00e7\u00e3o de todas as equipes de primeiros socorros exclusivas do parque, que agiram com profissionalismo no atendimento emergencial dos envolvidos no local e encaminhando-as para o hospital de forma r\u00e1pida e eficaz.<\/p>\n\n\n\n<p>O Parque est\u00e1 prestando toda assist\u00eancia necess\u00e1ria aos envolvidos e aos seus familiares, porquanto preza pelo atendimento de excel\u00eancia daqueles que frequentam suas instala\u00e7\u00f5es. Reitera-se o compromisso do Parque com a seguran\u00e7a e o bem-estar de todos que o visitam, pois atende a todos os protocolos de seguran\u00e7a exigidos pela legisla\u00e7\u00e3o federal, estadual e local.<\/p>\n\n\n\n<p>Os representantes legais do parque est\u00e3o colaborando plenamente com as autoridades competentes para investigar e esclarecer os fatos ocorridos. O Crazy Park coloca-se \u00e0 disposi\u00e7\u00e3o para fornecer esclarecimentos adicionais ser necess\u00e1rios para elucidar os fatos.<\/p>\n\n\n\n<p><strong>Nota oficial Prefeitura de Petr\u00f3polis<\/strong><\/p>\n\n\n\n<p>A Prefeitura de Petr\u00f3polis informa que cassou o alvar\u00e1 do parque de divers\u00f5es Crazy Park logo pela manh\u00e3 deste s\u00e1bado (03\/04) devido a um incidente ocorrido durante a madrugada, com 3 jovens, 1 homem e 2 mulheres. As v\u00edtimas foram socorridas dentro do parque e encaminhadas para a Unidade de Pronto Atendimento (UPA) de Itaipava. O homem, de 19 anos, faleceu ao chegar na unidade devido a m\u00faltiplas les\u00f5es, uma mulher teve ferimentos mas j\u00e1 foi liberada, e a outra teve escoria\u00e7\u00f5es e foi liberada ainda na madrugada.<\/p>\n\n\n\n<p>Todo o atendimento aconteceu de forma r\u00e1pida pela equipe disponibilizada no Parque.<\/p>\n\n\n\n<p>Uma per\u00edcia foi realizada pela Pol\u00edcia Civil (PC) ainda na madrugada para buscar as poss\u00edveis causas do incidente.<\/p>\n\n\n\n<p>A Prefeitura se solidariza com as fam\u00edlias, e segue acompanhando o caso, prestando todo o apoio necess\u00e1rio \u00e0s vitimas e \u00e0 fam\u00edlia.<\/p>\n\n\n\n<p>Foto: reprodu\u00e7\u00e3o<\/p>\n","protected":false},"excerpt":{"rendered":"<p>Pol\u00edcia Civil informou que foi instaurado procedimento policial para apurar as circunst\u00e2ncias do acidente Na<\/p>\n","protected":false},"author":2,"featured_media":103579,"comment_status":"open","ping_status":"open","sticky":false,"template":"","format":"standard","meta":{"footnotes":""},"categories":[12],"tags":[],"class_list":["post-103578","post","type-post","status-publish","format-standard","has-post-thumbnail","hentry","category-cidade"],"_links":{"self":[{"href":"https:\/\/tvc16.com\/portal\/wp-json\/wp\/v2\/posts\/103578","targetHints":{"allow":["GET"]}}],"collection":[{"href":"https:\/\/tvc16.com\/portal\/wp-json\/wp\/v2\/posts"}],"about":[{"href":"https:\/\/tvc16.com\/portal\/wp-json\/wp\/v2\/types\/post"}],"author":[{"embeddable":true,"href":"https:\/\/tvc16.com\/portal\/wp-json\/wp\/v2\/users\/2"}],"replies":[{"embeddable":true,"href":"https:\/\/tvc16.com\/portal\/wp-json\/wp\/v2\/comments?post=103578"}],"version-history":[{"count":8,"href":"https:\/\/tvc16.com\/portal\/wp-json\/wp\/v2\/posts\/103578\/revisions"}],"predecessor-version":[{"id":103592,"href":"https:\/\/tvc16.com\/portal\/wp-json\/wp\/v2\/posts\/103578\/revisions\/103592"}],"wp:featuredmedia":[{"embeddable":true,"href":"https:\/\/tvc16.com\/portal\/wp-json\/wp\/v2\/media\/103579"}],"wp:attachment":[{"href":"https:\/\/tvc16.com\/portal\/wp-json\/wp\/v2\/media?parent=103578"}],"wp:term":[{"taxonomy":"category","embeddable":true,"href":"https:\/\/tvc16.com\/portal\/wp-json\/wp\/v2\/categories?post=103578"},{"taxonomy":"post_tag","embeddable":true,"href":"https:\/\/tvc16.com\/portal\/wp-json\/wp\/v2\/tags?post=103578"}],"curies":[{"name":"wp","href":"https:\/\/api.w.org\/{rel}","templated":true}]}}