{"id":103598,"date":"2025-05-04T13:27:42","date_gmt":"2025-05-04T16:27:42","guid":{"rendered":"https:\/\/tvc16.com\/portal\/?p=103598"},"modified":"2025-05-05T10:01:36","modified_gmt":"2025-05-05T13:01:36","slug":"mprj-instaura-inquerito-civil-apos-morte-em-parque-na-expo-petropolis","status":"publish","type":"post","link":"https:\/\/tvc16.com\/portal\/2025\/05\/04\/mprj-instaura-inquerito-civil-apos-morte-em-parque-na-expo-petropolis\/","title":{"rendered":"MPRJ instaura inqu\u00e9rito civil ap\u00f3s morte em parque na Expo Petr\u00f3polis"},"content":{"rendered":"\n<p>O Minist\u00e9rio P\u00fablico do Estado do Rio de Janeiro (MPRJ), por meio da 2\u00aa Promotoria de Justi\u00e7a de Tutela Coletiva de Petr\u00f3polis, instaurou inqu\u00e9rito civil para apurar as circunst\u00e2ncias do acidente ocorrido na madrugada deste s\u00e1bado (03\/05) no Crazy Park, que operava durante o festival de m\u00fasica Expo Petr\u00f3polis, realizado no Parque de Exposi\u00e7\u00f5es de Itaipava, na Regi\u00e3o Serrana do Rio. O acidente resultou na morte de um jovem de 19 anos e deixou duas mulheres feridas.<\/p>\n\n\n\n<p>O inqu\u00e9rito civil ir\u00e1 apurar as condi\u00e7\u00f5es de funcionamento do local e a eventual responsabilidade do poder p\u00fablico na autoriza\u00e7\u00e3o da atividade. Foi requisitada uma vistoria emergencial ao Corpo de Bombeiros.<\/p>\n\n\n\n<p>Al\u00e9m disso, foi solicitada uma verifica\u00e7\u00e3o in loco pelo Grupo de Apoio aos Promotores (GAP\/MPRJ), com levantamento fotogr\u00e1fico para subsidiar as apura\u00e7\u00f5es. O MPRJ tamb\u00e9m ir\u00e1 investigar as circunst\u00e2ncias e a qualidade do atendimento de sa\u00fade prestado \u00e0s v\u00edtimas.<\/p>\n\n\n\n<p><strong>NOTA DE PESAR<\/strong><\/p>\n\n\n\n<p>A Prefeitura de Miguel Pereira, cidade onde Jo\u00e3o Victor residia, divulgou uma nota oficial lamentando profundamente a morte do jovem. Ele era filho de Carlos Eduardo Trindade da Silva, funcion\u00e1rio da Secretaria Municipal de Educa\u00e7\u00e3o.<\/p>\n\n\n\n<p>Jo\u00e3o Victor foi descrito como uma pessoa querida, lembrado por sua gentileza, dedica\u00e7\u00e3o \u00e0 fam\u00edlia e exemplo de vida. A administra\u00e7\u00e3o municipal, por meio do prefeito Pedro Paulo Quinzinho e do vice-prefeito Dr. Vitor Hugo, manifestou solidariedade e apoio \u00e0 fam\u00edlia, amigos e colegas de trabalho do pai do jovem, oferecendo votos de conforto e for\u00e7a neste momento de dor.<\/p>\n\n\n\n<p><\/p>\n\n\n\n<p><\/p>\n\n\n\n<p><\/p>\n\n\n\n<p><\/p>\n","protected":false},"excerpt":{"rendered":"<p>O Minist\u00e9rio P\u00fablico do Estado do Rio de Janeiro (MPRJ), por meio da 2\u00aa Promotoria<\/p>\n","protected":false},"author":2,"featured_media":103601,"comment_status":"open","ping_status":"open","sticky":false,"template":"","format":"standard","meta":{"footnotes":""},"categories":[12],"tags":[],"class_list":["post-103598","post","type-post","status-publish","format-standard","has-post-thumbnail","hentry","category-cidade"],"_links":{"self":[{"href":"https:\/\/tvc16.com\/portal\/wp-json\/wp\/v2\/posts\/103598","targetHints":{"allow":["GET"]}}],"collection":[{"href":"https:\/\/tvc16.com\/portal\/wp-json\/wp\/v2\/posts"}],"about":[{"href":"https:\/\/tvc16.com\/portal\/wp-json\/wp\/v2\/types\/post"}],"author":[{"embeddable":true,"href":"https:\/\/tvc16.com\/portal\/wp-json\/wp\/v2\/users\/2"}],"replies":[{"embeddable":true,"href":"https:\/\/tvc16.com\/portal\/wp-json\/wp\/v2\/comments?post=103598"}],"version-history":[{"count":3,"href":"https:\/\/tvc16.com\/portal\/wp-json\/wp\/v2\/posts\/103598\/revisions"}],"predecessor-version":[{"id":103644,"href":"https:\/\/tvc16.com\/portal\/wp-json\/wp\/v2\/posts\/103598\/revisions\/103644"}],"wp:featuredmedia":[{"embeddable":true,"href":"https:\/\/tvc16.com\/portal\/wp-json\/wp\/v2\/media\/103601"}],"wp:attachment":[{"href":"https:\/\/tvc16.com\/portal\/wp-json\/wp\/v2\/media?parent=103598"}],"wp:term":[{"taxonomy":"category","embeddable":true,"href":"https:\/\/tvc16.com\/portal\/wp-json\/wp\/v2\/categories?post=103598"},{"taxonomy":"post_tag","embeddable":true,"href":"https:\/\/tvc16.com\/portal\/wp-json\/wp\/v2\/tags?post=103598"}],"curies":[{"name":"wp","href":"https:\/\/api.w.org\/{rel}","templated":true}]}}