{"id":10360,"date":"2021-02-12T12:50:35","date_gmt":"2021-02-12T15:50:35","guid":{"rendered":"https:\/\/tvc16.com\/portal\/?p=10360"},"modified":"2021-02-12T12:50:38","modified_gmt":"2021-02-12T15:50:38","slug":"decreto-provisorio-de-orcamento-assegura-aquisicao-de-vacinas","status":"publish","type":"post","link":"https:\/\/tvc16.com\/portal\/2021\/02\/12\/decreto-provisorio-de-orcamento-assegura-aquisicao-de-vacinas\/","title":{"rendered":"Decreto provis\u00f3rio de Or\u00e7amento assegura aquisi\u00e7\u00e3o de vacinas"},"content":{"rendered":"\n<h3 class=\"wp-block-heading\">De acordo com a Presid\u00eancia, cr\u00e9dito para imuniza\u00e7\u00e3o est\u00e1 garantido<\/h3>\n\n\n\n<h3 class=\"wp-block-heading\">Por Andreia Verd\u00e9lio \u2013 Rep\u00f3rter da Ag\u00eancia Brasil &#8211; Bras\u00edlia<\/h3>\n\n\n\n<p>O presidente Jair Bolsonaro assinou decreto que promove a execu\u00e7\u00e3o provis\u00f3ria do Or\u00e7amento do governo federal, j\u00e1 que o Projeto de Lei Or\u00e7ament\u00e1ria Anual (PLOA) de 2021 ainda n\u00e3o foi analisado pelo Congresso Nacional. De acordo com a Presid\u00eancia, a medida assegura os cr\u00e9ditos extraordin\u00e1rios abertos no ano passado para aquisi\u00e7\u00e3o de vacinas contra a covid-19, entre outros que foram reabertos em 2021.<img decoding=\"async\" src=\"https:\/\/agenciabrasil.ebc.com.br\/ebc.png?id=1401236&amp;o=node\"><img decoding=\"async\" src=\"https:\/\/agenciabrasil.ebc.com.br\/ebc.gif?id=1401236&amp;o=node\"><\/p>\n\n\n\n<p>O decreto de execu\u00e7\u00e3o foi necess\u00e1rio para que n\u00e3o haja a paralisa\u00e7\u00e3o da m\u00e1quina p\u00fablica. Enviado em agosto de 2020, o PLOA deve ser aprovado e sancionado at\u00e9 mar\u00e7o deste ano. At\u00e9 l\u00e1, investimentos e demais gastos discricion\u00e1rios (aqueles que n\u00e3o s\u00e3o obrigat\u00f3rios)&nbsp;<a href=\"https:\/\/agenciabrasil.ebc.com.br\/economia\/noticia\/2021-02\/gastos-nao-obrigatorios-terao-corte-de-33-ate-aprovacao-do-orcamento\" target=\"_blank\" rel=\"noreferrer noopener\">ter\u00e3o um corte<\/a>&nbsp;de 33%.<\/p>\n\n\n\n<p>Em nota, a Secretaria-Geral da Presid\u00eancia explicou que os cr\u00e9ditos extraordin\u00e1rios abertos em 2020 e reabertos em 2021 n\u00e3o ser\u00e3o afetados. Entre eles, est\u00e3o o&nbsp;<a href=\"http:\/\/www.planalto.gov.br\/ccivil_03\/_Ato2019-2022\/2021\/Decreto\/D10601.htm#:~:text=D10601&amp;text=Reabre%2C%20em%20favor%20do%20Minist%C3%A9rio,que%20lhe%20confere%20o%20art.\" target=\"_blank\" rel=\"noreferrer noopener\">cr\u00e9dito de R$ 1,6 bilh\u00e3o<\/a>&nbsp;destinado a custear o ingresso do Brasil na Covax Facility, alian\u00e7a da Organiza\u00e7\u00e3o Mundial da Sa\u00fade (OMS) para ajudar os pa\u00edses em desenvolvimento a ter acesso a vacinas contra a covid-19, e o&nbsp;<a href=\"http:\/\/www.planalto.gov.br\/ccivil_03\/_Ato2019-2022\/2021\/Decreto\/D10595.htm#:~:text=D10595&amp;text=Reabre%2C%20em%20favor%20do%20Minist%C3%A9rio,que%20lhe%20confere%20o%20art.\" target=\"_blank\" rel=\"noreferrer noopener\">cr\u00e9dito extraordin\u00e1rio de R$ 19,9 bilh\u00f5es<\/a>&nbsp;para as a\u00e7\u00f5es emergenciais de vacina\u00e7\u00e3o da popula\u00e7\u00e3o.<\/p>\n\n\n\n<p>De acordo com a Presid\u00eancia, o decreto est\u00e1 em conson\u00e2ncia com a Lei de Diretrizes Or\u00e7ament\u00e1rias (LDO) de 2021, que permite a execu\u00e7\u00e3o or\u00e7ament\u00e1ria e financeira de certas despesas caso o Or\u00e7amento n\u00e3o tivesse sido publicado at\u00e9 31 de dezembro de 2020. O decreto do presidente Jair Bolsonaro foi&nbsp;<a href=\"https:\/\/pesquisa.in.gov.br\/imprensa\/jsp\/visualiza\/index.jsp?jornal=600&amp;pagina=1&amp;data=11\/02\/2021&amp;totalArquivos=5\" target=\"_blank\" rel=\"noreferrer noopener\">publicado em edi\u00e7\u00e3o extra<\/a>&nbsp;do&nbsp;<em>Di\u00e1rio Oficial da Uni\u00e3o<\/em>&nbsp;na noite de ontem (11).<\/p>\n\n\n\n<p>\u201cA medida possibilita, conforme previs\u00e3o na pr\u00f3pria LDO, a execu\u00e7\u00e3o de despesas insuscet\u00edveis \u00e0 limita\u00e7\u00e3o de empenho, a exemplo de despesas relacionadas \u00e0 assist\u00eancia e prote\u00e7\u00e3o social, despesas relativas a a\u00e7\u00f5es de preven\u00e7\u00e3o a desastres e opera\u00e7\u00f5es de garantia da lei e da ordem, despesas destinadas \u00e0s a\u00e7\u00f5es e servi\u00e7os p\u00fablicos de sa\u00fade, despesas de car\u00e1ter inadi\u00e1vel, entre outras\u201d, diz a nota da Secretaria-Geral.<\/p>\n\n\n\n<p>Edi\u00e7\u00e3o: Denise Griesinger<\/p>\n","protected":false},"excerpt":{"rendered":"<p>De acordo com a Presid\u00eancia, cr\u00e9dito para imuniza\u00e7\u00e3o est\u00e1 garantido Por Andreia Verd\u00e9lio \u2013 Rep\u00f3rter<\/p>\n","protected":false},"author":2,"featured_media":10361,"comment_status":"open","ping_status":"open","sticky":false,"template":"","format":"standard","meta":{"footnotes":""},"categories":[17],"tags":[],"class_list":["post-10360","post","type-post","status-publish","format-standard","has-post-thumbnail","hentry","category-outras-noticias"],"_links":{"self":[{"href":"https:\/\/tvc16.com\/portal\/wp-json\/wp\/v2\/posts\/10360","targetHints":{"allow":["GET"]}}],"collection":[{"href":"https:\/\/tvc16.com\/portal\/wp-json\/wp\/v2\/posts"}],"about":[{"href":"https:\/\/tvc16.com\/portal\/wp-json\/wp\/v2\/types\/post"}],"author":[{"embeddable":true,"href":"https:\/\/tvc16.com\/portal\/wp-json\/wp\/v2\/users\/2"}],"replies":[{"embeddable":true,"href":"https:\/\/tvc16.com\/portal\/wp-json\/wp\/v2\/comments?post=10360"}],"version-history":[{"count":1,"href":"https:\/\/tvc16.com\/portal\/wp-json\/wp\/v2\/posts\/10360\/revisions"}],"predecessor-version":[{"id":10362,"href":"https:\/\/tvc16.com\/portal\/wp-json\/wp\/v2\/posts\/10360\/revisions\/10362"}],"wp:featuredmedia":[{"embeddable":true,"href":"https:\/\/tvc16.com\/portal\/wp-json\/wp\/v2\/media\/10361"}],"wp:attachment":[{"href":"https:\/\/tvc16.com\/portal\/wp-json\/wp\/v2\/media?parent=10360"}],"wp:term":[{"taxonomy":"category","embeddable":true,"href":"https:\/\/tvc16.com\/portal\/wp-json\/wp\/v2\/categories?post=10360"},{"taxonomy":"post_tag","embeddable":true,"href":"https:\/\/tvc16.com\/portal\/wp-json\/wp\/v2\/tags?post=10360"}],"curies":[{"name":"wp","href":"https:\/\/api.w.org\/{rel}","templated":true}]}}