{"id":103610,"date":"2025-05-04T13:48:48","date_gmt":"2025-05-04T16:48:48","guid":{"rendered":"https:\/\/tvc16.com\/portal\/?p=103610"},"modified":"2025-05-04T13:48:49","modified_gmt":"2025-05-04T16:48:49","slug":"cursinho-popular-tem-ate-6-de-maio-para-inscricao-em-programa-do-mec","status":"publish","type":"post","link":"https:\/\/tvc16.com\/portal\/2025\/05\/04\/cursinho-popular-tem-ate-6-de-maio-para-inscricao-em-programa-do-mec\/","title":{"rendered":"Cursinho popular tem at\u00e9 6 de maio para inscri\u00e7\u00e3o em programa do MEC"},"content":{"rendered":"\n<p>O prazo para os&nbsp;<strong>cursinhos populares e comunit\u00e1rios<\/strong>&nbsp;inscreverem suas propostas para\u202fa&nbsp;<strong>Rede Nacional de Cursinhos Populares (CPOP)<\/strong>&nbsp;<strong>termina \u00e0s 18 horas&nbsp;<\/strong>(no hor\u00e1rio de Bras\u00edlia) desta&nbsp;<strong>ter\u00e7a-feira (6).<\/strong><img decoding=\"async\" src=\"https:\/\/agenciabrasil.ebc.com.br\/ebc.png?id=1641415&amp;o=node\"><img decoding=\"async\" src=\"https:\/\/agenciabrasil.ebc.com.br\/ebc.gif?id=1641415&amp;o=node\"><\/p>\n\n\n\n<p>Conforme&nbsp;<a href=\"https:\/\/agenciabrasil.ebc.com.br\/educacao\/noticia\/2025-04\/lula-inaugura-predios-da-UFF-e-anuncia-edital-para-cursinhos-populares\" target=\"_blank\" rel=\"noreferrer noopener\">edital lan\u00e7ado em abril<\/a>&nbsp;pelo Minist\u00e9rio da Educa\u00e7\u00e3o (MEC) e pela Funda\u00e7\u00e3o Oswaldo Cruz (Fiocruz), ser\u00e3o selecionadas at\u00e9 130 institui\u00e7\u00f5es que preparam gratuitamente estudantes para o Exame Nacional do Ensino M\u00e9dio (Enem) e para outros vestibulares de ingresso no ensino superior.<\/p>\n\n\n\n<p><strong>Ter\u00e3o prioridade<\/strong>&nbsp;na sele\u00e7\u00e3o das propostas aqueles&nbsp;<strong>cursinhos populares que n\u00e3o recebem apoio financeiro direto ou indireto de entidades p\u00fablicas ou privadas.\u202f<\/strong><\/p>\n\n\n\n<p>O objetivo da pol\u00edtica p\u00fablica \u00e9 garantir suporte t\u00e9cnico e financeiro aos cursinhos pr\u00e9-vestibulares para garantir a prepara\u00e7\u00e3o dos estudantes da rede p\u00fablica socialmente desfavorecidos\u202fe que querem ingressar no ensino superior.<\/p>\n\n\n\n<p>O&nbsp;<strong>foco da iniciativa est\u00e1 nos alunos que est\u00e3o saindo ensino m\u00e9dio p\u00fablico, al\u00e9m daqueles de baixa renda, negros, ind\u00edgenas, quilombolas e pessoas com defici\u00eancia (PCD).\u202f<\/strong><\/p>\n\n\n\n<h2 class=\"wp-block-heading\">Inscri\u00e7\u00f5es<\/h2>\n\n\n\n<p>As inscri\u00e7\u00f5es dos cursinhos devem ser feitas exclusivamente na&nbsp;<a href=\"https:\/\/prosas.com.br\/editais\/15698\" target=\"_blank\" rel=\"noreferrer noopener\">plataforma virtual de sele\u00e7\u00e3o<\/a>&nbsp;Prosas.<\/p>\n\n\n\n<p><strong>Podem participar do processo tantos os cursinhos populares formais<\/strong>, com registro no Cadastro Nacional da Pessoa Jur\u00eddica (CNPJ), como os&nbsp;<strong>cursinhos populares informais, que n\u00e3o s\u00e3o pessoa jur\u00eddica.&nbsp;<\/strong><\/p>\n\n\n\n<p>Nesta \u00faltima situa\u00e7\u00e3o, as entidades devem se inscrever por meio de uma institui\u00e7\u00e3o operadora com quem devem firmar um acordo de parceria.&nbsp;<strong>Cada institui\u00e7\u00e3o operadora poder\u00e1 ter at\u00e9 dez propostas de cursinhos populares apoiadas.<\/strong><\/p>\n\n\n\n<p>As&nbsp;<strong>propostas&nbsp;dos&nbsp;cursinhos&nbsp;dever\u00e3o estar alinhadas \u00e0s Diretrizes Curriculares Nacionais do Ensino M\u00e9dio<\/strong>&nbsp;e tamb\u00e9m aos editais anuais do Enem. Outra exig\u00eancia \u00e9 que&nbsp;<strong>os cursinhos tenham carga hor\u00e1ria m\u00ednima de 20 horas semanais.<\/strong><\/p>\n\n\n\n<p>Os planos tamb\u00e9m precisam oferecer atividades complementares de promo\u00e7\u00e3o da sa\u00fade e da&nbsp;cidadania; de&nbsp;forma\u00e7\u00e3o&nbsp;antirracista&nbsp;e&nbsp;anticapacitista, ou seja, contra o preconceito e a discrimina\u00e7\u00e3o direcionados a pessoas com defici\u00eancia (PCD).&nbsp;<\/p>\n\n\n\n<h2 class=\"wp-block-heading\">Apoio financeiro<\/h2>\n\n\n\n<p>A&nbsp;<strong>partir da assinatura de termo de ades\u00e3o \u00e0 rede, o apoio t\u00e9cnico e financeiro aos cursinhos populares selecionados ter\u00e1 dura\u00e7\u00e3o de sete meses e ser\u00e1 de, no m\u00e1ximo, R$ 163,2 mil.<\/strong><\/p>\n\n\n\n<p>De acordo com a chamada p\u00fablica, neste valor est\u00e1 incluso o aux\u00edlio perman\u00eancia aos estudantes e, ainda, para custeio de materiais did\u00e1ticos gratuitos para a prepara\u00e7\u00e3o dos alunos, forma\u00e7\u00e3o e capacita\u00e7\u00e3o de professores e gestores.<\/p>\n\n\n\n<p><strong>Ao todo, o investimento inicial do governo federal ser\u00e1 de R$ 24,8 milh\u00f5es, no ciclo 2025-2026<\/strong>, para a rede de cursinhos e&nbsp;<strong>devem ser beneficiados, j\u00e1 no primeiro ano, cerca de 5,2 mil estudantes do Brasil.<\/strong><\/p>\n\n\n\n<p>O&nbsp;<strong>MEC calcula que at\u00e9 2027, o valor global chegar\u00e1 a R$ 99 milh\u00f5es, com aproximadamente 324 cursinhos populares apoiados.\u202f<\/strong><\/p>\n\n\n\n<h2 class=\"wp-block-heading\">Estudantes<\/h2>\n\n\n\n<p>Especificamente sobre o&nbsp;<strong>aux\u00edlio perman\u00eancia aos estudantes, este ser\u00e1 concedido em seis parcelas no valor de R$ 200 cada uma delas<\/strong>.&nbsp;Os&nbsp;<strong>recursos ser\u00e3o transferidos diretamente pelas institui\u00e7\u00f5es de ensino aos estudantes.<\/strong><\/p>\n\n\n\n<p>O&nbsp;<strong>aux\u00edlio perman\u00eancia deve ser concedido a, no m\u00ednimo, 20 e, no m\u00e1ximo, a 40 estudantes.<\/strong><\/p>\n\n\n\n<p>Ao longo do per\u00edodo de execu\u00e7\u00e3o da proposta, os estudantes benefici\u00e1rios poder\u00e3o ser substitu\u00eddos e dever\u00e1 ser entregue a segunda lista comprobat\u00f3ria de frequ\u00eancia.<\/p>\n\n\n\n<h2 class=\"wp-block-heading\">Resultado<\/h2>\n\n\n\n<p>O processo de sele\u00e7\u00e3o das proposi\u00e7\u00f5es dos cursinhos populares ocorre em tr\u00eas etapas: an\u00e1lise de documentos; an\u00e1lise t\u00e9cnica, pontua\u00e7\u00e3o e classifica\u00e7\u00e3o das propostas; e sele\u00e7\u00e3o da proposi\u00e7\u00e3o.<\/p>\n\n\n\n<p>Conforme o edital, os resultados de cada uma das tr\u00eas fases ser\u00e3o divulgados nos&nbsp;<em>sites<\/em>&nbsp;das seguintes institui\u00e7\u00f5es:&nbsp;<a href=\"https:\/\/www.gov.br\/mec\" target=\"_blank\" rel=\"noreferrer noopener\">Minist\u00e9rio da Educa\u00e7\u00e3o<\/a>&nbsp;(MEC);&nbsp;<a href=\"https:\/\/portal.fiocruz.br\/\" target=\"_blank\" rel=\"noreferrer noopener\">Fiocruz<\/a>,&nbsp;<a href=\"https:\/\/www.fiotec.fiocruz.br\/\" target=\"_blank\" rel=\"noreferrer noopener\">Funda\u00e7\u00e3o para o Desenvolvimento Cient\u00edfico e Tecnol\u00f3gico em Sa\u00fade (Fiotec<\/a>) e&nbsp;<a href=\"https:\/\/prosas.com.br\/editais\" target=\"_blank\" rel=\"noreferrer noopener\">Prosas<\/a>.<\/p>\n\n\n\n<p>Os cursos selecionados ser\u00e3o conhecidos em 6 de junho. A&nbsp;<strong>previs\u00e3o para que as institui\u00e7\u00f5es assinem o termo de ades\u00e3o para in\u00edcio de concess\u00f5es de bolsas \u00e9 19 de junho<\/strong>.<\/p>\n\n\n\n<p>Daniella Almeida &#8211; Rep\u00f3rter da Ag\u00eancia Brasil<br>Foto: \u00a9 Rovena Rosa\/Ag\u00eancia Brasil<br><\/p>\n","protected":false},"excerpt":{"rendered":"<p>O prazo para os&nbsp;cursinhos populares e comunit\u00e1rios&nbsp;inscreverem suas propostas para\u202fa&nbsp;Rede Nacional de Cursinhos Populares (CPOP)&nbsp;termina<\/p>\n","protected":false},"author":2,"featured_media":103611,"comment_status":"open","ping_status":"open","sticky":false,"template":"","format":"standard","meta":{"footnotes":""},"categories":[17],"tags":[],"class_list":["post-103610","post","type-post","status-publish","format-standard","has-post-thumbnail","hentry","category-outras-noticias"],"_links":{"self":[{"href":"https:\/\/tvc16.com\/portal\/wp-json\/wp\/v2\/posts\/103610","targetHints":{"allow":["GET"]}}],"collection":[{"href":"https:\/\/tvc16.com\/portal\/wp-json\/wp\/v2\/posts"}],"about":[{"href":"https:\/\/tvc16.com\/portal\/wp-json\/wp\/v2\/types\/post"}],"author":[{"embeddable":true,"href":"https:\/\/tvc16.com\/portal\/wp-json\/wp\/v2\/users\/2"}],"replies":[{"embeddable":true,"href":"https:\/\/tvc16.com\/portal\/wp-json\/wp\/v2\/comments?post=103610"}],"version-history":[{"count":1,"href":"https:\/\/tvc16.com\/portal\/wp-json\/wp\/v2\/posts\/103610\/revisions"}],"predecessor-version":[{"id":103612,"href":"https:\/\/tvc16.com\/portal\/wp-json\/wp\/v2\/posts\/103610\/revisions\/103612"}],"wp:featuredmedia":[{"embeddable":true,"href":"https:\/\/tvc16.com\/portal\/wp-json\/wp\/v2\/media\/103611"}],"wp:attachment":[{"href":"https:\/\/tvc16.com\/portal\/wp-json\/wp\/v2\/media?parent=103610"}],"wp:term":[{"taxonomy":"category","embeddable":true,"href":"https:\/\/tvc16.com\/portal\/wp-json\/wp\/v2\/categories?post=103610"},{"taxonomy":"post_tag","embeddable":true,"href":"https:\/\/tvc16.com\/portal\/wp-json\/wp\/v2\/tags?post=103610"}],"curies":[{"name":"wp","href":"https:\/\/api.w.org\/{rel}","templated":true}]}}