{"id":103613,"date":"2025-05-04T18:09:32","date_gmt":"2025-05-04T21:09:32","guid":{"rendered":"https:\/\/tvc16.com\/portal\/?p=103613"},"modified":"2025-05-04T18:09:33","modified_gmt":"2025-05-04T21:09:33","slug":"show-de-lady-gaga-leva-21-milhoes-de-pessoas-para-copacabana","status":"publish","type":"post","link":"https:\/\/tvc16.com\/portal\/2025\/05\/04\/show-de-lady-gaga-leva-21-milhoes-de-pessoas-para-copacabana\/","title":{"rendered":"Show de Lady Gaga leva 2,1 milh\u00f5es de pessoas para Copacabana"},"content":{"rendered":"\n<p><strong>A praia de Copacabana, no Rio de Janeiro, presenciou na noite de s\u00e1bado (3) e na madrugada deste domingo (4) um show hist\u00f3rico. Cerca de 2,1 milh\u00f5es de pessoas acompanharam a apresenta\u00e7\u00e3o da diva do p<em>op<\/em>&nbsp;Lady Gaga. Assim<\/strong>, Copacabana entra para a hist\u00f3ria como palco do recorde de p\u00fablico da estrela americana, dona de sucessos como&nbsp;<em>Bad Romance<\/em>,&nbsp;<em>Poker Face<\/em>&nbsp;e&nbsp;<em>Born This Way<\/em>.<img decoding=\"async\" src=\"https:\/\/agenciabrasil.ebc.com.br\/ebc.png?id=1641425&amp;o=node\"><img decoding=\"async\" src=\"https:\/\/agenciabrasil.ebc.com.br\/ebc.gif?id=1641425&amp;o=node\"><\/p>\n\n\n\n<p>A estimativa de p\u00fablico \u00e9 da prefeitura do Rio, com informa\u00e7\u00f5es da Riotur (empresa municipal de promo\u00e7\u00e3o ao turismo), da Pol\u00edcia Militar e dos produtores do show. A multid\u00e3o supera 1,6 milh\u00e3o de pessoas que acompanharam, em maio de 2024, outra&nbsp;<em>popstar americana<\/em>, Madonna, tamb\u00e9m em Copacabana.<\/p>\n\n\n\n<p>Neste domingo,&nbsp;<strong>Lady Gaga publicou um&nbsp;<a href=\"https:\/\/www.instagram.com\/p\/DJPMNIGNGS-\/?utm_source=ig_embed&amp;ig_rid=e9201490-5d81-42a5-87bb-b3018dccaff5\" target=\"_blank\" rel=\"noreferrer noopener\">agradecimento nas redes sociais<\/a><\/strong>. Ela destacou que o p\u00fablico superior a 2 milh\u00f5es de pessoas \u00e9 o maior j\u00e1 registrado para uma artista mulher na hist\u00f3ria.<\/p>\n\n\n\n<p>&#8220;Nada poderia me preparar para o que senti durante o show da noite passada \u2014 o orgulho e a alegria absolutos que senti ao cantar para o povo do Brasil. Ver a multid\u00e3o durante as minhas primeiras m\u00fasicas tirou o meu f\u00f4lego&#8221;, escreveu a cantora.<\/p>\n\n\n\n<p><strong>O c\u00e1lculo inicial da prefeitura era de que o p\u00fablico de 1,6 milh\u00e3o se repetiria, mas os organizadores foram surpreendidos pela procura dos f\u00e3s<\/strong>. Dias antes da apresenta\u00e7\u00e3o, a prefeitura aumentou de 240 mil para 500 mil a expectativa de turistas de fora da cidade.<\/p>\n\n\n\n<p>O show da Lady Gaga era esperado pelos f\u00e3s desde 2012, \u00faltima vez em que ela esteve no Brasil. Em 2017, era previsto um retorno durante o&nbsp;<em>Rock in Rio<\/em>. Mas a performance teve que ser adiada por causa de problemas de sa\u00fade da cantora, que enfrentava crise de fibromialgia.<\/p>\n\n\n\n<p>A expectativa para o show hist\u00f3rico desse fim de semana no Rio p\u00f4de ser conferida ao longo da semana, quando milhares de f\u00e3s fizeram plant\u00e3o em frente ao hotel Copacabana Palace &#8211; onde Lady Gaga estava hospedada &#8211; \u00e0 espera de um aceno da estrela. Desde o in\u00edcio da tarde de s\u00e1bado, milhares de pessoas (foto) estavam nas areias da praia de Copacabana visando conseguir um bom lugar para ver a apresenta\u00e7\u00e3o de Lady Gaga.<\/p>\n\n\n\n<p>Lady Gaga respondeu o carinho dos f\u00e3s com uma mensagem no in\u00edcio do show.<\/p>\n\n\n\n<p>\u201c<strong>Eu estou t\u00e3o honrada por estar aqui com voc\u00eas nesta noite. Meu cora\u00e7\u00e3o est\u00e1 transbordando. Sinto-me sortuda, orgulhosa e profundamente grata. Nesta noite, n\u00f3s estamos fazendo hist\u00f3ria\u201d, declarou<\/strong>.<\/p>\n\n\n\n<p>\u201cVoc\u00eas esperaram por mim, esperaram por mais de dez anos\u201d, disse. &nbsp;Confira a \u00edntegra da mensagem no fim desta mat\u00e9ria.<\/p>\n\n\n\n<h2 class=\"wp-block-heading\">Torres e tel\u00f5es na praia<\/h2>\n\n\n\n<p><strong>Ao longo da orla de Copacabana, foram instaladas 16 torres com tel\u00f5es de nove metros de altura por cinco metros de largura, permitindo que o p\u00fablico acompanhasse a apresenta\u00e7\u00e3o de v\u00e1rios pontos<\/strong>.<\/p>\n\n\n\n<p>O show gratuito foi patrocinado por empresas privadas com o apoio do governo do estado e da prefeitura do Rio de Janeiro.<\/p>\n\n\n\n<p><a href=\"https:\/\/agenciabrasil.ebc.com.br\/cultura\/noticia\/2025-04\/show-de-lady-gaga-movimentara-r-600-milhoes-no-rio-estima-prefeitura\" target=\"_blank\" rel=\"noreferrer noopener\">Um estudo da prefeitura aponta impacto econ\u00f4mico de R$ 600 milh\u00f5es no Rio<\/a>, movimentando setores como hotelaria, gastronomia, transporte e com\u00e9rcio.<\/p>\n\n\n\n<h2 class=\"wp-block-heading\">Mensagem<\/h2>\n\n\n\n<p>Leia a \u00edntegra da mensagem de Lady Gaga aos f\u00e3s brasileiros:<\/p>\n\n\n\n<blockquote class=\"wp-block-quote is-layout-flow wp-block-quote-is-layout-flow\">\n<p>\u201cEu estou t\u00e3o honrada por estar aqui com voc\u00eas nesta noite. Meu cora\u00e7\u00e3o est\u00e1 transbordando. Sinto-me sortuda, orgulhosa e profundamente grata. Nesta noite, n\u00f3s estamos fazendo hist\u00f3ria. Mas ningu\u00e9m faz hist\u00f3ria sozinha. Sem todos voc\u00eas, as pessoas incr\u00edveis do Brasil, eu n\u00e3o viveria este momento. Obrigado por fazerem hist\u00f3ria comigo. As pessoas do Brasil s\u00e3o a raz\u00e3o pela qual eu posso brilhar. Voc\u00eas s\u00e3o t\u00e3o vibrantes e t\u00e3o lindos quanto o sol e a lua surgindo sobre o oceano, bem aqui na praia de Copacabana.<\/p>\n<\/blockquote>\n\n\n\n<p>Mas, entre todas as coisas pelas quais eu poderia agradecer, a que mais me toca \u00e9 esta: voc\u00eas esperaram por mim, esperaram por mais de dez anos. Talvez, voc\u00eas estejam se perguntando por que demorei tanto para voltar. A verdade \u00e9 que eu estava me curando. Eu estava me fortalecendo. Mas, enquanto eu estava me curando, algo mais forte estava acontecendo: voc\u00eas continuaram l\u00e1, torcendo por mim, continuaram me pedindo para voltar, quando eu estivesse pronta. Brasil, eu estou pronta!<\/p>\n\n\n\n<p>Eu amo voc\u00eas. Eu agrade\u00e7o por esperarem. Agrade\u00e7o por me receberem de volta com tanta gentileza e de bra\u00e7os abertos. Hoje \u00e0 noite, eu quero ajud\u00e1-los. Quero que o mundo veja o qu\u00e3o grande \u00e9 o cora\u00e7\u00e3o de voc\u00eas e que se inspire no seu esp\u00edrito.<\/p>\n\n\n\n<p>Ent\u00e3o, hoje \u00e0 noite, eu vou dar tudo de mim. Vamos fazer deste o show mais incr\u00edvel que j\u00e1 compartilhamos. Vamos fazer com que cada segundo de espera tenha valido a pena. Eu amava voc\u00eas dez anos atr\u00e1s. E eu amo voc\u00eas esta noite. Obrigada, Brasil. Eu amo voc\u00eas para sempre!&#8221;.<\/p>\n\n\n\n<p>Bruno de Freitas Moura &#8211; Rep\u00f3rter da Ag\u00eancia Brasil &#8211;<br>Foto: \u00a9 Fabio Motta\/Divulga\u00e7\u00e3o<br><\/p>\n","protected":false},"excerpt":{"rendered":"<p>A praia de Copacabana, no Rio de Janeiro, presenciou na noite de s\u00e1bado (3) e<\/p>\n","protected":false},"author":2,"featured_media":103614,"comment_status":"open","ping_status":"open","sticky":false,"template":"","format":"standard","meta":{"footnotes":""},"categories":[17],"tags":[],"class_list":["post-103613","post","type-post","status-publish","format-standard","has-post-thumbnail","hentry","category-outras-noticias"],"_links":{"self":[{"href":"https:\/\/tvc16.com\/portal\/wp-json\/wp\/v2\/posts\/103613","targetHints":{"allow":["GET"]}}],"collection":[{"href":"https:\/\/tvc16.com\/portal\/wp-json\/wp\/v2\/posts"}],"about":[{"href":"https:\/\/tvc16.com\/portal\/wp-json\/wp\/v2\/types\/post"}],"author":[{"embeddable":true,"href":"https:\/\/tvc16.com\/portal\/wp-json\/wp\/v2\/users\/2"}],"replies":[{"embeddable":true,"href":"https:\/\/tvc16.com\/portal\/wp-json\/wp\/v2\/comments?post=103613"}],"version-history":[{"count":1,"href":"https:\/\/tvc16.com\/portal\/wp-json\/wp\/v2\/posts\/103613\/revisions"}],"predecessor-version":[{"id":103615,"href":"https:\/\/tvc16.com\/portal\/wp-json\/wp\/v2\/posts\/103613\/revisions\/103615"}],"wp:featuredmedia":[{"embeddable":true,"href":"https:\/\/tvc16.com\/portal\/wp-json\/wp\/v2\/media\/103614"}],"wp:attachment":[{"href":"https:\/\/tvc16.com\/portal\/wp-json\/wp\/v2\/media?parent=103613"}],"wp:term":[{"taxonomy":"category","embeddable":true,"href":"https:\/\/tvc16.com\/portal\/wp-json\/wp\/v2\/categories?post=103613"},{"taxonomy":"post_tag","embeddable":true,"href":"https:\/\/tvc16.com\/portal\/wp-json\/wp\/v2\/tags?post=103613"}],"curies":[{"name":"wp","href":"https:\/\/api.w.org\/{rel}","templated":true}]}}