{"id":103619,"date":"2025-05-04T18:12:58","date_gmt":"2025-05-04T21:12:58","guid":{"rendered":"https:\/\/tvc16.com\/portal\/?p=103619"},"modified":"2025-05-04T18:12:59","modified_gmt":"2025-05-04T21:12:59","slug":"policia-civil-prende-cinco-estrangeiros-que-levavam-drogas-de-sao-paulo-para-faccoes-criminosas-do-rio-de-janeiro","status":"publish","type":"post","link":"https:\/\/tvc16.com\/portal\/2025\/05\/04\/policia-civil-prende-cinco-estrangeiros-que-levavam-drogas-de-sao-paulo-para-faccoes-criminosas-do-rio-de-janeiro\/","title":{"rendered":"Pol\u00edcia Civil prende cinco estrangeiros que levavam drogas de S\u00e3o Paulo para fac\u00e7\u00f5es criminosas do Rio de Janeiro"},"content":{"rendered":"\n<p>Policias civis da 33\u00aa DP (Realengo) prenderam, neste domingo (04\/05), cinco estrangeiros que transportavam entorpecentes de S\u00e3o Paulo para o Rio de Janeiro. Os homens, que s\u00e3o paraguaios, foram capturados no momento do desembarque na Rodovi\u00e1ria do Rio. Eles foram autuados em flagrante por tr\u00e1fico de drogas e associa\u00e7\u00e3o para o tr\u00e1fico.<\/p>\n\n\n\n<p>Segundo os agentes, os presos transportavam 37 tabletes de maconha escondidos em duas malas, em um \u00f4nibus que partiu de S\u00e3o Paulo com destino ao Rio de Janeiro. A a\u00e7\u00e3o ocorreu a partir do cruzamento de dados do Setor de Intelig\u00eancia da distrital. Com base nas informa\u00e7\u00f5es, os agentes foram at\u00e9 o terminal rodovi\u00e1rio, onde interceptaram os suspeitos durante o desembarque.<\/p>\n\n\n\n<p>As investiga\u00e7\u00f5es apontam que os homens moravam em S\u00e3o Paulo e realizavam esse transporte de entorpecente para fac\u00e7\u00f5es criminosas do Rio de Janeiro. A carga seria utilizada como amostra para futuras negocia\u00e7\u00f5es. Um dos presos j\u00e1 havia sido detido em fevereiro deste ano, em Foz do Igua\u00e7u, no Paran\u00e1, por tr\u00e1fico internacional de drogas vindas de Ciudad del Este,&nbsp;no&nbsp;Paraguai.<\/p>\n\n\n\n<p>Foto: divulga\u00e7\u00e3o<\/p>\n","protected":false},"excerpt":{"rendered":"<p>Policias civis da 33\u00aa DP (Realengo) prenderam, neste domingo (04\/05), cinco estrangeiros que transportavam entorpecentes<\/p>\n","protected":false},"author":2,"featured_media":103620,"comment_status":"open","ping_status":"open","sticky":false,"template":"","format":"standard","meta":{"footnotes":""},"categories":[17],"tags":[],"class_list":["post-103619","post","type-post","status-publish","format-standard","has-post-thumbnail","hentry","category-outras-noticias"],"_links":{"self":[{"href":"https:\/\/tvc16.com\/portal\/wp-json\/wp\/v2\/posts\/103619","targetHints":{"allow":["GET"]}}],"collection":[{"href":"https:\/\/tvc16.com\/portal\/wp-json\/wp\/v2\/posts"}],"about":[{"href":"https:\/\/tvc16.com\/portal\/wp-json\/wp\/v2\/types\/post"}],"author":[{"embeddable":true,"href":"https:\/\/tvc16.com\/portal\/wp-json\/wp\/v2\/users\/2"}],"replies":[{"embeddable":true,"href":"https:\/\/tvc16.com\/portal\/wp-json\/wp\/v2\/comments?post=103619"}],"version-history":[{"count":1,"href":"https:\/\/tvc16.com\/portal\/wp-json\/wp\/v2\/posts\/103619\/revisions"}],"predecessor-version":[{"id":103621,"href":"https:\/\/tvc16.com\/portal\/wp-json\/wp\/v2\/posts\/103619\/revisions\/103621"}],"wp:featuredmedia":[{"embeddable":true,"href":"https:\/\/tvc16.com\/portal\/wp-json\/wp\/v2\/media\/103620"}],"wp:attachment":[{"href":"https:\/\/tvc16.com\/portal\/wp-json\/wp\/v2\/media?parent=103619"}],"wp:term":[{"taxonomy":"category","embeddable":true,"href":"https:\/\/tvc16.com\/portal\/wp-json\/wp\/v2\/categories?post=103619"},{"taxonomy":"post_tag","embeddable":true,"href":"https:\/\/tvc16.com\/portal\/wp-json\/wp\/v2\/tags?post=103619"}],"curies":[{"name":"wp","href":"https:\/\/api.w.org\/{rel}","templated":true}]}}