{"id":103624,"date":"2025-05-04T18:15:14","date_gmt":"2025-05-04T21:15:14","guid":{"rendered":"https:\/\/tvc16.com\/portal\/?p=103624"},"modified":"2025-05-04T18:15:15","modified_gmt":"2025-05-04T21:15:15","slug":"policia-civil-evita-ataque-em-show-na-praia-de-copacabana","status":"publish","type":"post","link":"https:\/\/tvc16.com\/portal\/2025\/05\/04\/policia-civil-evita-ataque-em-show-na-praia-de-copacabana\/","title":{"rendered":"Pol\u00edcia Civil evita ataque em show na Praia de Copacabana"},"content":{"rendered":"\n<p><em>Tamb\u00e9m neste s\u00e1bado teve in\u00edcio a Opera\u00e7\u00e3o Rastreio, contra roubo, furto e recepta\u00e7\u00e3o de celulares<\/em><\/p>\n\n\n\n<p>A Pol\u00edcia Civil, em conjunto conjunto com o Laborat\u00f3rio de Opera\u00e7\u00f5es Cibern\u00e9ticas (Ciberlab) do Minist\u00e9rio da Justi\u00e7a e Seguran\u00e7a P\u00fablica (MJSP), desarticulou um grupo que planejava um ataque durante o show da Lady Gaga, que aconteceu neste s\u00e1bado (03\/05), na Praia de Copacabana, no Rio. Eles iriam cometer um atentado com explosivos para atingir o p\u00fablico\u00a0LGBTQIA+.<\/p>\n\n\n\n<p>Durante a &#8220;Opera\u00e7\u00e3o Fake Monster\u201d, foram cumpridos 13 mandados de busca e apreens\u00e3o. Um adolescente, de 17 anos, foi apreendido e um&nbsp;homem foi preso em flagrante. Ambos s\u00e3o apontados pela investiga\u00e7\u00e3o como l\u00edderes de uma c\u00e9lula que disseminava \u00f3dio pela internet.&nbsp;<\/p>\n\n\n\n<p>A a\u00e7\u00e3o foi realizada pela&nbsp;Delegacia da Crian\u00e7a e do Adolescente V\u00edtima (DCAV), pela Delegacia de Repress\u00e3o aos Crimes de Inform\u00e1tica (DRCI) e pela 19\u00aa DP (Tijuca), com apoio da Coordenadoria de Recursos Especiais (Core), e teve in\u00edcio a partir de informa\u00e7\u00f5es sobre um poss\u00edvel ataque. O plano era tratado como um \u201cdesafio coletivo\u201d,&nbsp;com o objetivo de obter notoriedade nas redes sociais.&nbsp;<\/p>\n\n\n\n<p>Em menos de uma semana de investiga\u00e7\u00f5es, oito integrantes de um dos grupo foram identificados, o que acarretou na a\u00e7\u00e3o deste s\u00e1bado, nos munic\u00edpios do Rio de Janeiro, Niter\u00f3i e Duque de Caxias, no Rio; Cotia, S\u00e3o Vicente e Vargem Grande Paulista, em S\u00e3o Paulo; S\u00e3o Sebasti\u00e3o do Ca\u00ed e Novo Hamburgo, no Rio Grande do Sul; e Campo Novo do Parecis, no Mato Grosso.<\/p>\n\n\n\n<p>\u201cA Pol\u00edcia Civil agiu de forma silenciosa e sem criar p\u00e2nico. \u00c9 o tipo de informa\u00e7\u00e3o que a Pol\u00edcia n\u00e3o pode desprezar. Nesse sentido, atuamos cirurgicamente para que o crime n\u00e3o acontecesse. Toda vez que a Pol\u00edcia Civil tiver conhecimento da imin\u00eancia de um ataque, n\u00f3s iremos agir\u201d, explicou o delegado Felipe Curi, secret\u00e1rio de Estado de Pol\u00edcia Civil.<\/p>\n\n\n\n<p>Como desdobramento da opera\u00e7\u00e3o, na tarde deste s\u00e1bado, os agentes tamb\u00e9m foram a Maca\u00e9 para cumprir um mandado de busca e apreens\u00e3o contra um indiv\u00edduo que tamb\u00e9m planejava&nbsp;crime relacionado&nbsp;\u00e0 apresenta\u00e7\u00e3o da cantora. Ele amea\u00e7ava matar uma crian\u00e7a ao vivo, e responde por terrorismo e induzimento ao crime. A motiva\u00e7\u00e3o seria de cunho religioso.&nbsp;<\/p>\n\n\n\n<p>Al\u00e9m dos detidos, durante as a\u00e7\u00f5es de s\u00e1bado, foram apreendidos equipamentos eletr\u00f4nicos, como computadores e celulares, que passar\u00e3o por per\u00edcia.&nbsp;<\/p>\n\n\n\n<p>\u201cA Pol\u00edcia Civil vem realizando um trabalho de excel\u00eancia durante os grandes eventos que acontecem no estado. Usamos todos os nossos meios em cima de poss\u00edveis amea\u00e7as para preservar a integridade das pessoas presentes nestes eventos, e foi assim que atuamos desta vez. Teremos outros eventos no Rio, e seguiremos trabalhando da melhor maneira para que tudo transcorra sem incidentes\u201d, afirmou o delegado Carlos Oliveira, subsecret\u00e1rio de Planejamento e Integra\u00e7\u00e3o Operacional da Pol\u00edcia Civil.<\/p>\n\n\n\n<p><strong>Opera\u00e7\u00e3o Rastreio tem in\u00edcio em todo estado<\/strong><\/p>\n\n\n\n<p>Neste s\u00e1bado a Pol\u00edcia Civil tamb\u00e9m deu in\u00edcio a \u201cOpera\u00e7\u00e3o Rastreio\u201d, contra roubo, furto e recepta\u00e7\u00e3o de celulares. A a\u00e7\u00e3o tamb\u00e9m foi deflagrada devido aos eventos de grande movimento que aconteceram tanto na capital quanto na Regi\u00e3o Serrana.<\/p>\n\n\n\n<p>Agentes da Delegacia de Repress\u00e3o aos Crimes Contra a Propriedade Imaterial (DRCPIM) j\u00e1 monitoravam o grupo criminoso h\u00e1 45 dias. Quatro dos principais receptores celulares do Estado foram presos, al\u00e9m de outros 12 integrantes da quadrilha. Cerca de 200 aparelhos foram recuperados na a\u00e7\u00e3o.<\/p>\n\n\n\n<p>\u201cDurante o show, foi percebida uma movimenta\u00e7\u00e3o na regi\u00e3o, com muitas pessoas com aparelhos roubados para serem vendidos para os receptadores. Por conta disso,&nbsp;deflagramos&nbsp;a opera\u00e7\u00e3o neste s\u00e1bado. As investiga\u00e7\u00f5es mostraram que al\u00e9m do preju\u00edzo da subtra\u00e7\u00e3o dos celulares, a quadrilha tinha acesso aos aplicativos das v\u00edtimas, onde conseguiam fazer&nbsp;pix&nbsp;em contas de nomes de laranjas. Esta foi apenas a primeira a\u00e7\u00e3o desta opera\u00e7\u00e3o que ser\u00e1 constante em todo o estado do Rio\u201d, finalizou o secret\u00e1rio&nbsp;Felipe&nbsp;Curi.<\/p>\n\n\n\n<p>Foto: divulga\u00e7\u00e3o<\/p>\n","protected":false},"excerpt":{"rendered":"<p>Tamb\u00e9m neste s\u00e1bado teve in\u00edcio a Opera\u00e7\u00e3o Rastreio, contra roubo, furto e recepta\u00e7\u00e3o de celulares<\/p>\n","protected":false},"author":2,"featured_media":103625,"comment_status":"open","ping_status":"open","sticky":false,"template":"","format":"standard","meta":{"footnotes":""},"categories":[17],"tags":[],"class_list":["post-103624","post","type-post","status-publish","format-standard","has-post-thumbnail","hentry","category-outras-noticias"],"_links":{"self":[{"href":"https:\/\/tvc16.com\/portal\/wp-json\/wp\/v2\/posts\/103624","targetHints":{"allow":["GET"]}}],"collection":[{"href":"https:\/\/tvc16.com\/portal\/wp-json\/wp\/v2\/posts"}],"about":[{"href":"https:\/\/tvc16.com\/portal\/wp-json\/wp\/v2\/types\/post"}],"author":[{"embeddable":true,"href":"https:\/\/tvc16.com\/portal\/wp-json\/wp\/v2\/users\/2"}],"replies":[{"embeddable":true,"href":"https:\/\/tvc16.com\/portal\/wp-json\/wp\/v2\/comments?post=103624"}],"version-history":[{"count":1,"href":"https:\/\/tvc16.com\/portal\/wp-json\/wp\/v2\/posts\/103624\/revisions"}],"predecessor-version":[{"id":103626,"href":"https:\/\/tvc16.com\/portal\/wp-json\/wp\/v2\/posts\/103624\/revisions\/103626"}],"wp:featuredmedia":[{"embeddable":true,"href":"https:\/\/tvc16.com\/portal\/wp-json\/wp\/v2\/media\/103625"}],"wp:attachment":[{"href":"https:\/\/tvc16.com\/portal\/wp-json\/wp\/v2\/media?parent=103624"}],"wp:term":[{"taxonomy":"category","embeddable":true,"href":"https:\/\/tvc16.com\/portal\/wp-json\/wp\/v2\/categories?post=103624"},{"taxonomy":"post_tag","embeddable":true,"href":"https:\/\/tvc16.com\/portal\/wp-json\/wp\/v2\/tags?post=103624"}],"curies":[{"name":"wp","href":"https:\/\/api.w.org\/{rel}","templated":true}]}}