{"id":10363,"date":"2021-02-12T12:53:07","date_gmt":"2021-02-12T15:53:07","guid":{"rendered":"https:\/\/tvc16.com\/portal\/?p=10363"},"modified":"2021-02-12T12:53:10","modified_gmt":"2021-02-12T15:53:10","slug":"cidade-do-rio-de-janeiro-permanece-em-estagio-de-risco-para-covid-19","status":"publish","type":"post","link":"https:\/\/tvc16.com\/portal\/2021\/02\/12\/cidade-do-rio-de-janeiro-permanece-em-estagio-de-risco-para-covid-19\/","title":{"rendered":"Cidade do Rio de Janeiro permanece em est\u00e1gio de risco para covid-19"},"content":{"rendered":"\n<h3 class=\"wp-block-heading\">Prefeito Eduardo Paes apela para popula\u00e7\u00e3o evitar aglomera\u00e7\u00f5es<\/h3>\n\n\n\n<h3 class=\"wp-block-heading\">Por Cristina Indio do Brasil &#8211; Rep\u00f3rter da Ag\u00eancia Brasil &#8211; Rio de Janeiro<\/h3>\n\n\n\n<p>As 33 regi\u00f5es administrativas da cidade do Rio de Janeiro permanecem em est\u00e1gio de risco alto para a covid-19 pela quarta semana consecutiva. A sexta edi\u00e7\u00e3o do Boletim Epidemiol\u00f3gico da Covid-19 mostra toda a cidade na cor laranja.&nbsp;<img decoding=\"async\" src=\"https:\/\/agenciabrasil.ebc.com.br\/ebc.png?id=1401274&amp;o=node\"><img decoding=\"async\" src=\"https:\/\/agenciabrasil.ebc.com.br\/ebc.gif?id=1401274&amp;o=node\"><\/p>\n\n\n\n<p>O superintendente de Vigil\u00e2ncia em Sa\u00fade da Secretaria Municipal de Sa\u00fade, M\u00e1rcio Garcia, alerta que n\u00e3o \u00e9 o momento de baixar a guarda, \u201cpor isso, o alerta foi mantido pela \u00e1rea t\u00e9cnica do Centro de Opera\u00e7\u00f5es de Emerg\u00eancia da Secretaria Municipal de Sa\u00fade (SMS), apesar da redu\u00e7\u00e3o que vem sendo registrada no n\u00famero de casos, de \u00f3bitos e de interna\u00e7\u00e3o na cidade\u201d.&nbsp;<\/p>\n\n\n\n<p>O motivo para a perman\u00eancia em alto risco, segundo o superintendente, \u00e9 o per\u00edodo de carnaval e a situa\u00e7\u00e3o do pa\u00eds, em especial com a ocorr\u00eancia de mais uma cepa do novo coronav\u00edrus (covid-19) no Amazonas.<\/p>\n\n\n\n<p>\u201cN\u00f3s continuaremos exigindo, fiscalizando a capacidade e lota\u00e7\u00e3o dos estabelecimentos, todas as quest\u00f5es relacionadas aos hor\u00e1rios de funcionamento e a amplia\u00e7\u00e3o das regras de distanciamento em locais fechados. Toda a estrat\u00e9gia e a\u00e7\u00f5es de fiscaliza\u00e7\u00e3o seguir\u00e3o de forma mais intensificada no per\u00edodo que estamos antecedendo, que \u00e9 o per\u00edodo de carnaval\u201d, disse.<\/p>\n\n\n\n<h2 class=\"wp-block-heading\">Apelo<\/h2>\n\n\n\n<p>O prefeito do Rio, Eduardo Paes, disse que as quedas nos n\u00fameros de casos, de interna\u00e7\u00e3o e de mortes s\u00e3o not\u00edcias muito positivas. \u201cMas chegou a sexta-feira do carnaval, que n\u00e3o vai acontecer, e por isso queria deixar um recado \u00e0 popula\u00e7\u00e3o para evitar aglomera\u00e7\u00f5es\u201d.&nbsp;<\/p>\n\n\n\n<p>\u201cIronia do destino, no meu primeiro ano aqui n\u00e3o vai ter carnaval, ent\u00e3o, d\u00f3i no meu cora\u00e7\u00e3o, parte o meu cora\u00e7\u00e3o, como tenho certeza que parte o cora\u00e7\u00e3o de muita gente que gosta desta fant\u00e1stica manifesta\u00e7\u00e3o cultural e celebra\u00e7\u00e3o da vida, que \u00e9 o carnaval. Infelizmente ainda n\u00e3o est\u00e1 na hora de afrouxar. As raz\u00f5es do cancelamento do carnaval, de ter regras de distanciamento e n\u00e3o se permitir festas e bailes, tem o \u00fanico objetivo de preservar vidas, para que a gente continue melhorando e, se Deus quiser, em conjunto com a vacina\u00e7\u00e3o a gente possa voltar a uma vida normal e ter em 2022 um carnaval que compense a aus\u00eancia deste ano\u201d, disse.<\/p>\n\n\n\n<p>Paes lembrou que a cidade est\u00e1 aberta e as pessoas podem ir aos espa\u00e7os p\u00fablicos, \u00e0 praia e \u00e1reas de lazer, caminhar nos parques, frequentar bares, restaurantes e shoppings, desde que respeitem as regras de uso de m\u00e1scara e de distanciamento, tomando os cuidados necess\u00e1rios.&nbsp;<\/p>\n\n\n\n<h2 class=\"wp-block-heading\">Vacina\u00e7\u00e3o<\/h2>\n\n\n\n<p>Conforme o calend\u00e1rio de vacina\u00e7\u00e3o da prefeitura, na pr\u00f3xima semana come\u00e7a a imuniza\u00e7\u00e3o de idosos a partir de 84 anos at\u00e9 chegar na sexta-feira, dia 19, para os acima de 80 anos.&nbsp;<\/p>\n\n\n\n<p>O prefeito garantiu que h\u00e1 doses suficientes para a imuniza\u00e7\u00e3o de idosos a partir de 84 anos na segunda-feira (15) e a partir de 83 anos na ter\u00e7a-feira (16), mas a sequ\u00eancia ainda depende da libera\u00e7\u00e3o de mais vacinas.&nbsp;<\/p>\n\n\n\n<p>O secret\u00e1rio municipal de Sa\u00fade, Daniel Soranz, informou que al\u00e9m da chegada de novas remessas do imunizante, a continuidade pode ocorrer tamb\u00e9m se Secretaria de Estado de Sa\u00fade e o Minist\u00e9rio da Sa\u00fade autorizarem o uso das vacinas que seriam aplicadas na segunda dose dos primeiros imunizados no munic\u00edpio. \u00c9 que termina na pr\u00f3xima semana o intervalo de 28 dias entre as duas doses da CoronaVac, do Instituto Butantan para os primeiros vacinados na capital.&nbsp;<\/p>\n\n\n\n<p>Segundo Soranz, a decis\u00e3o ser\u00e1 comunicada na segunda-feira (15) e mesmo no feriado da ter\u00e7a-feira de carnaval, as cl\u00ednicas da fam\u00edlia e os postos de sa\u00fade v\u00e3o funcionar para fazer a vacina\u00e7\u00e3o dos idosos. At\u00e9 ontem (11) \u00e0s 19h, o munic\u00edpio tinha 224.389 pessoas vacinadas.<\/p>\n\n\n\n<p>De acordo com M\u00e1rcio Garcia, a segunda dose come\u00e7a a ser aplicada a partir do dia 16, nos profissionais de sa\u00fade das unidades hospitalares de pronto atendimento que atuam diretamente na linha de frente e na popula\u00e7\u00e3o ind\u00edgena e quilombola. \u201cIsso n\u00e3o significa que todos v\u00e3o ter que tomar no dia 16, porque a gente est\u00e1 trabalhando com 28 dias da primeira dose, ent\u00e3o, isso vai ser de forma gradual dependendo do dia que a pessoa tomou a primeira dose\u201d, disse.<\/p>\n\n\n\n<h2 class=\"wp-block-heading\">Vagas<\/h2>\n\n\n\n<p>At\u00e9 as 17h43 de ontem, a fila de espera por vagas na rede estava zerada. Os dados indicam ainda 886 internados, 56% de taxa de ocupa\u00e7\u00e3o entre operacionais e leitos impedidos e 73% nos operacionais.&nbsp;<\/p>\n\n\n\n<p>A busca por atendimentos na rede de hospitais e UPA de urg\u00eancia e emerg\u00eancia da capital por s\u00edndrome gripal e por s\u00edndrome respirat\u00f3ria aguda grave, tamb\u00e9m vem apresentando queda desde o final de dezembro. \u201cEsses dados corroboram, ratificam os nossos dados de casos confirmados e de \u00f3bitos\u201d, disse M\u00e1rcio Garcia.<\/p>\n\n\n\n<p>Edi\u00e7\u00e3o: Fernando Fraga<\/p>\n","protected":false},"excerpt":{"rendered":"<p>Prefeito Eduardo Paes apela para popula\u00e7\u00e3o evitar aglomera\u00e7\u00f5es Por Cristina Indio do Brasil &#8211; Rep\u00f3rter<\/p>\n","protected":false},"author":2,"featured_media":10365,"comment_status":"open","ping_status":"open","sticky":false,"template":"","format":"standard","meta":{"footnotes":""},"categories":[17],"tags":[],"class_list":["post-10363","post","type-post","status-publish","format-standard","has-post-thumbnail","hentry","category-outras-noticias"],"_links":{"self":[{"href":"https:\/\/tvc16.com\/portal\/wp-json\/wp\/v2\/posts\/10363","targetHints":{"allow":["GET"]}}],"collection":[{"href":"https:\/\/tvc16.com\/portal\/wp-json\/wp\/v2\/posts"}],"about":[{"href":"https:\/\/tvc16.com\/portal\/wp-json\/wp\/v2\/types\/post"}],"author":[{"embeddable":true,"href":"https:\/\/tvc16.com\/portal\/wp-json\/wp\/v2\/users\/2"}],"replies":[{"embeddable":true,"href":"https:\/\/tvc16.com\/portal\/wp-json\/wp\/v2\/comments?post=10363"}],"version-history":[{"count":1,"href":"https:\/\/tvc16.com\/portal\/wp-json\/wp\/v2\/posts\/10363\/revisions"}],"predecessor-version":[{"id":10366,"href":"https:\/\/tvc16.com\/portal\/wp-json\/wp\/v2\/posts\/10363\/revisions\/10366"}],"wp:featuredmedia":[{"embeddable":true,"href":"https:\/\/tvc16.com\/portal\/wp-json\/wp\/v2\/media\/10365"}],"wp:attachment":[{"href":"https:\/\/tvc16.com\/portal\/wp-json\/wp\/v2\/media?parent=10363"}],"wp:term":[{"taxonomy":"category","embeddable":true,"href":"https:\/\/tvc16.com\/portal\/wp-json\/wp\/v2\/categories?post=10363"},{"taxonomy":"post_tag","embeddable":true,"href":"https:\/\/tvc16.com\/portal\/wp-json\/wp\/v2\/tags?post=10363"}],"curies":[{"name":"wp","href":"https:\/\/api.w.org\/{rel}","templated":true}]}}