{"id":103645,"date":"2025-05-05T10:06:50","date_gmt":"2025-05-05T13:06:50","guid":{"rendered":"https:\/\/tvc16.com\/portal\/?p=103645"},"modified":"2025-05-05T10:06:51","modified_gmt":"2025-05-05T13:06:51","slug":"comercio-de-petropolis-aposta-em-crescimento-nas-vendas-para-o-dia-das-maes-em-2025","status":"publish","type":"post","link":"https:\/\/tvc16.com\/portal\/2025\/05\/05\/comercio-de-petropolis-aposta-em-crescimento-nas-vendas-para-o-dia-das-maes-em-2025\/","title":{"rendered":"Com\u00e9rcio de Petr\u00f3polis aposta em crescimento nas vendas para o Dia das M\u00e3es em 2025"},"content":{"rendered":"\n<p>Depois de um 2024 marcado por retra\u00e7\u00e3o nas vendas segundo levantamento da Serasa Experian, lojistas de Petr\u00f3polis est\u00e3o otimistas com o movimento do Dia das M\u00e3es deste ano. A data, considerada a segunda mais importante do varejo brasileiro, atr\u00e1s apenas do Natal, deve registrar crescimento e ajudar a movimentar setores diversos da economia local, especialmente moda, decora\u00e7\u00e3o, beleza e tecnologia.<\/p>\n\n\n\n<p>Segundo a C\u00e2mara de Dirigentes Lojistas de Petr\u00f3polis (CDL), a expectativa \u00e9 que as vendas superem os n\u00fameros do ano passado, quando houve uma queda de 3% no volume de compras na semana da data. A retomada do consumo, impulsionada por um cen\u00e1rio mais est\u00e1vel, ofertas segmentadas e maior planejamento por parte dos consumidores, anima os lojistas.<\/p>\n\n\n\n<p>\u201cAcreditamos que o Dia das M\u00e3es de 2025 ser\u00e1 marcado por uma recupera\u00e7\u00e3o importante para o varejo. O consumidor est\u00e1 mais atento \u00e0s promo\u00e7\u00f5es, mas tamb\u00e9m busca presentes com valor afetivo, qualidade e utilidade. Isso abre espa\u00e7o para um leque maior de segmentos\u201d, afirma o presidente da CDL Petr\u00f3polis, Claudio Mohammad.<\/p>\n\n\n\n<p>Entre os setores que devem se destacar est\u00e3o o de vestu\u00e1rio, com cole\u00e7\u00f5es especiais e kits promocionais, o de cosm\u00e9ticos e perfumaria, al\u00e9m de itens voltados ao bem-estar, como massagens, experi\u00eancias em spas e cuidados pessoais. A \u00e1rea de decora\u00e7\u00e3o tamb\u00e9m ganha f\u00f4lego, com a busca por presentes personalizados e pe\u00e7as com design exclusivo. Outro destaque s\u00e3o os produtos tecnol\u00f3gicos \u2014 como smartwatches, fones de ouvido e gadgets de uso cotidiano \u2014, que v\u00eam se consolidando como escolhas pr\u00e1ticas e modernas.<\/p>\n\n\n\n<p>\u201cH\u00e1 uma mudan\u00e7a de perfil no consumidor. Presentear no Dia das M\u00e3es deixou de ser apenas sobre flores ou lembrancinhas. Hoje h\u00e1 mais diversidade na oferta e uma inten\u00e7\u00e3o real de agradar com algo \u00fatil, bonito e, muitas vezes, inovador. Isso exige que o com\u00e9rcio esteja preparado, com vitrines criativas e atendimento qualificado\u201d, completa Mohammad.<\/p>\n\n\n\n<p>A CDL Petr\u00f3polis tamb\u00e9m destaca o papel das campanhas digitais na convers\u00e3o de vendas. Segundo a entidade, a presen\u00e7a nas redes sociais e os canais de comunica\u00e7\u00e3o direta \u2014 como WhatsApp e e-mail marketing \u2014 est\u00e3o entre as ferramentas mais eficazes para atrair e fidelizar o p\u00fablico, sobretudo nas datas comemorativas.<\/p>\n\n\n\n<p>Para os empres\u00e1rios, o momento \u00e9 de planejamento estrat\u00e9gico: fortalecer o estoque, treinar equipes, investir em divulga\u00e7\u00e3o e buscar parcerias com fornecedores locais. A expectativa \u00e9 de que o aquecimento nas vendas se estenda tamb\u00e9m para os dias seguintes ao domingo, impulsionado por trocas e compras de \u00faltima hora.<\/p>\n","protected":false},"excerpt":{"rendered":"<p>Depois de um 2024 marcado por retra\u00e7\u00e3o nas vendas segundo levantamento da Serasa Experian, lojistas<\/p>\n","protected":false},"author":2,"featured_media":103646,"comment_status":"open","ping_status":"open","sticky":false,"template":"","format":"standard","meta":{"footnotes":""},"categories":[12],"tags":[],"class_list":["post-103645","post","type-post","status-publish","format-standard","has-post-thumbnail","hentry","category-cidade"],"_links":{"self":[{"href":"https:\/\/tvc16.com\/portal\/wp-json\/wp\/v2\/posts\/103645","targetHints":{"allow":["GET"]}}],"collection":[{"href":"https:\/\/tvc16.com\/portal\/wp-json\/wp\/v2\/posts"}],"about":[{"href":"https:\/\/tvc16.com\/portal\/wp-json\/wp\/v2\/types\/post"}],"author":[{"embeddable":true,"href":"https:\/\/tvc16.com\/portal\/wp-json\/wp\/v2\/users\/2"}],"replies":[{"embeddable":true,"href":"https:\/\/tvc16.com\/portal\/wp-json\/wp\/v2\/comments?post=103645"}],"version-history":[{"count":1,"href":"https:\/\/tvc16.com\/portal\/wp-json\/wp\/v2\/posts\/103645\/revisions"}],"predecessor-version":[{"id":103647,"href":"https:\/\/tvc16.com\/portal\/wp-json\/wp\/v2\/posts\/103645\/revisions\/103647"}],"wp:featuredmedia":[{"embeddable":true,"href":"https:\/\/tvc16.com\/portal\/wp-json\/wp\/v2\/media\/103646"}],"wp:attachment":[{"href":"https:\/\/tvc16.com\/portal\/wp-json\/wp\/v2\/media?parent=103645"}],"wp:term":[{"taxonomy":"category","embeddable":true,"href":"https:\/\/tvc16.com\/portal\/wp-json\/wp\/v2\/categories?post=103645"},{"taxonomy":"post_tag","embeddable":true,"href":"https:\/\/tvc16.com\/portal\/wp-json\/wp\/v2\/tags?post=103645"}],"curies":[{"name":"wp","href":"https:\/\/api.w.org\/{rel}","templated":true}]}}