{"id":10367,"date":"2021-02-13T16:09:07","date_gmt":"2021-02-13T19:09:07","guid":{"rendered":"https:\/\/tvc16.com\/portal\/?p=10367"},"modified":"2021-02-13T16:09:09","modified_gmt":"2021-02-13T19:09:09","slug":"comecou-nesta-sexta-feira-12-a-vacinacao-de-idosos-a-partir-dos-90-anos-contra-o-coronavirusem-petropolis","status":"publish","type":"post","link":"https:\/\/tvc16.com\/portal\/2021\/02\/13\/comecou-nesta-sexta-feira-12-a-vacinacao-de-idosos-a-partir-dos-90-anos-contra-o-coronavirusem-petropolis\/","title":{"rendered":"Come\u00e7ou nesta sexta-feira (12) a vacina\u00e7\u00e3o de idosos a partir dos 90 anos contra o coronav\u00edrus,em Petr\u00f3polis"},"content":{"rendered":"\n<p>As equipes da Secretaria de Sa\u00fade trabalham em dois pontos fixos montados na Universidade Cat\u00f3lica de Petr\u00f3polis (UCP), na Rua Benjamin Constant, no Centro, e no Parque Municipal, em Itaipava. Os dois locais, que tamb\u00e9m funcionam no sistema drive thru, ficam abertos das 9h \u00e0s 16h.<\/p>\n\n\n\n<p>As equipes atender\u00e3o neste s\u00e1bado (13), segunda-feira (15), e depois reiniciam na quarta-feira (17) \u00e9 seguem o trabalho at\u00e9 s\u00e1bado (20). Para uma melhor organiza\u00e7\u00e3o, as equipes pedem que o cadastro seja feito previamente, pelo site da Prefeitura (www.petropolis.rj.gov.br) ou diretamente no endere\u00e7o http:\/\/bit.ly\/PetropolisVacinacaoCOVID19. Quem n\u00e3o tiver acesso \u00e0 internet ou tiver dificuldades, pode ir diretamente ao posto, que o formul\u00e1rio ser\u00e1 preenchido na hora.<\/p>\n\n\n\n<p>No dia da aplica\u00e7\u00e3o, o idoso deve apresentar identidade, cart\u00e3o de vacina e comprovante de resid\u00eancia. O secret\u00e1rio de Sa\u00fade lembra que pessoas que testaram positivo para o coronav\u00edrus nos \u00faltimos 90 dias, n\u00e3o podem ser vacinados. \u201cPessoas que est\u00e3o com sintomas tamb\u00e9m n\u00e3o podem tomar a vacina neste momento. Estas devem aguardar e ser\u00e3o vacinadas posteriormente\u201d, completou Aloisio.<\/p>\n","protected":false},"excerpt":{"rendered":"<p>As equipes da Secretaria de Sa\u00fade trabalham em dois pontos fixos montados na Universidade Cat\u00f3lica<\/p>\n","protected":false},"author":2,"featured_media":10368,"comment_status":"open","ping_status":"open","sticky":false,"template":"","format":"standard","meta":{"footnotes":""},"categories":[12],"tags":[],"class_list":["post-10367","post","type-post","status-publish","format-standard","has-post-thumbnail","hentry","category-cidade"],"_links":{"self":[{"href":"https:\/\/tvc16.com\/portal\/wp-json\/wp\/v2\/posts\/10367","targetHints":{"allow":["GET"]}}],"collection":[{"href":"https:\/\/tvc16.com\/portal\/wp-json\/wp\/v2\/posts"}],"about":[{"href":"https:\/\/tvc16.com\/portal\/wp-json\/wp\/v2\/types\/post"}],"author":[{"embeddable":true,"href":"https:\/\/tvc16.com\/portal\/wp-json\/wp\/v2\/users\/2"}],"replies":[{"embeddable":true,"href":"https:\/\/tvc16.com\/portal\/wp-json\/wp\/v2\/comments?post=10367"}],"version-history":[{"count":1,"href":"https:\/\/tvc16.com\/portal\/wp-json\/wp\/v2\/posts\/10367\/revisions"}],"predecessor-version":[{"id":10369,"href":"https:\/\/tvc16.com\/portal\/wp-json\/wp\/v2\/posts\/10367\/revisions\/10369"}],"wp:featuredmedia":[{"embeddable":true,"href":"https:\/\/tvc16.com\/portal\/wp-json\/wp\/v2\/media\/10368"}],"wp:attachment":[{"href":"https:\/\/tvc16.com\/portal\/wp-json\/wp\/v2\/media?parent=10367"}],"wp:term":[{"taxonomy":"category","embeddable":true,"href":"https:\/\/tvc16.com\/portal\/wp-json\/wp\/v2\/categories?post=10367"},{"taxonomy":"post_tag","embeddable":true,"href":"https:\/\/tvc16.com\/portal\/wp-json\/wp\/v2\/tags?post=10367"}],"curies":[{"name":"wp","href":"https:\/\/api.w.org\/{rel}","templated":true}]}}