{"id":103691,"date":"2025-05-06T09:16:32","date_gmt":"2025-05-06T12:16:32","guid":{"rendered":"https:\/\/tvc16.com\/portal\/?p=103691"},"modified":"2025-05-06T09:16:33","modified_gmt":"2025-05-06T12:16:33","slug":"instituicoes-de-apoio-a-pcds-debatem-inclusao-em-petropolis-com-exibicao-do-documentario-caminhos-inclusivos-historias-de-luta-e-resiliencia","status":"publish","type":"post","link":"https:\/\/tvc16.com\/portal\/2025\/05\/06\/instituicoes-de-apoio-a-pcds-debatem-inclusao-em-petropolis-com-exibicao-do-documentario-caminhos-inclusivos-historias-de-luta-e-resiliencia\/","title":{"rendered":"Institui\u00e7\u00f5es de apoio a PCDs debatem inclus\u00e3o em Petr\u00f3polis com exibi\u00e7\u00e3o do document\u00e1rio \u201cCaminhos Inclusivos: Hist\u00f3rias de Luta e Resili\u00eancia\u201d"},"content":{"rendered":"\n<p>Nesta quarta-feira (07), a partir das 14h ser\u00e1 realizada no audit\u00f3rio da Unifase\/FMP, a Sala Arthur de S\u00e1 Earp Neto, a exibi\u00e7\u00e3o do document\u00e1rio \u201cCaminhos Inclusivos: Hist\u00f3rias de Luta e Resili\u00eancia\u201d, idealizado por V\u00e2nia Cristina do Nascimento, fundadora do Instituto Alliance, com dire\u00e7\u00e3o de Iara Roccha e co-dire\u00e7\u00e3o de V\u00edtor Mattos. O filme apresenta um retrato sens\u00edvel e contundente sobre os desafios enfrentados por pessoas com defici\u00eancia e pelas institui\u00e7\u00f5es que as atendem em Petr\u00f3polis, na Regi\u00e3o Serrana do Rio.<\/p>\n\n\n\n<p>Com dura\u00e7\u00e3o de 39 minutos, o document\u00e1rio, que conta com roteiro de Gaudencio Numa, al\u00e9m de filmagem e edi\u00e7\u00e3o de Andr\u00e9 Amon, relembra institui\u00e7\u00f5es pioneiras que precisaram encerrar suas atividades por falta de apoio e recursos, destaca espa\u00e7os que seguem oferecendo atendimento di\u00e1rio e compartilha hist\u00f3rias reais de supera\u00e7\u00e3o, luta e inspira\u00e7\u00e3o.<\/p>\n\n\n\n<p>\u201cQueremos mostrar que a inclus\u00e3o \u00e9 poss\u00edvel, mas ela exige compromisso coletivo e pol\u00edticas p\u00fablicas efetivas\u201d, afirma V\u00e2nia Cristina, que al\u00e9m de idealizadora do projeto, traz na bagagem uma viv\u00eancia intensa e pessoal com a inclus\u00e3o: convive diariamente com tr\u00eas pessoas com defici\u00eancia em sua fam\u00edlia (sua m\u00e3e, irm\u00e3 e esposo), al\u00e9m de atuar como agente comunit\u00e1ria de sa\u00fade, int\u00e9rprete de Libras e fundadora do Instituto Alliance, desenvolvendo a\u00e7\u00f5es voltadas \u00e0 inclus\u00e3o h\u00e1 mais de 15 anos.<\/p>\n\n\n\n<p>Entre as institui\u00e7\u00f5es visitadas est\u00e3o a Escola Municipal Paulo Freire, APAE, GAAPE, Lar Santa Catarina e outras. A narrativa, constru\u00edda de forma leve e objetiva, destaca o trabalho desenvolvido em prol da inclus\u00e3o de pessoas com defici\u00eancia no munic\u00edpio. \u201c\u00c9 uma forma de dar voz a quem, muitas vezes, \u00e9 invisibilizado. O filme prop\u00f5e um olhar mais emp\u00e1tico e atento \u00e0s lutas cotidianas dessas pessoas e de quem as acompanha\u201d, destaca o jornalista Vitor Mattos.<\/p>\n\n\n\n<p>A exibi\u00e7\u00e3o ser\u00e1 seguida de um debate com convidados especiais, representantes de institui\u00e7\u00f5es, m\u00e3es at\u00edpicas, usu\u00e1rios e profissionais da sa\u00fade, educa\u00e7\u00e3o e assist\u00eancia social. O evento acontece em uma institui\u00e7\u00e3o formadora de futuros profissionais da sa\u00fade, o que torna esse encontro ainda mais relevante e transformador.<\/p>\n\n\n\n<p>O projeto foi realizado pelo Instituto Alliance, associa\u00e7\u00e3o voltada \u00e0 assist\u00eancia de PCDs, com foco na comunidade surda, deficientes visuais, al\u00e9m de pacientes com transtornos cognitivos, TEA, esquizofrenia e outros. A produ\u00e7\u00e3o foi viabilizada por meio da Chamada P\u00fablica 02\/2023 do Instituto Municipal de Cultura, realizada pela Prefeitura de Petr\u00f3polis, com recursos do Governo Federal via Lei Paulo Gustavo.<\/p>\n","protected":false},"excerpt":{"rendered":"<p>Nesta quarta-feira (07), a partir das 14h ser\u00e1 realizada no audit\u00f3rio da Unifase\/FMP, a Sala<\/p>\n","protected":false},"author":2,"featured_media":103692,"comment_status":"open","ping_status":"open","sticky":false,"template":"","format":"standard","meta":{"footnotes":""},"categories":[12],"tags":[],"class_list":["post-103691","post","type-post","status-publish","format-standard","has-post-thumbnail","hentry","category-cidade"],"_links":{"self":[{"href":"https:\/\/tvc16.com\/portal\/wp-json\/wp\/v2\/posts\/103691","targetHints":{"allow":["GET"]}}],"collection":[{"href":"https:\/\/tvc16.com\/portal\/wp-json\/wp\/v2\/posts"}],"about":[{"href":"https:\/\/tvc16.com\/portal\/wp-json\/wp\/v2\/types\/post"}],"author":[{"embeddable":true,"href":"https:\/\/tvc16.com\/portal\/wp-json\/wp\/v2\/users\/2"}],"replies":[{"embeddable":true,"href":"https:\/\/tvc16.com\/portal\/wp-json\/wp\/v2\/comments?post=103691"}],"version-history":[{"count":1,"href":"https:\/\/tvc16.com\/portal\/wp-json\/wp\/v2\/posts\/103691\/revisions"}],"predecessor-version":[{"id":103693,"href":"https:\/\/tvc16.com\/portal\/wp-json\/wp\/v2\/posts\/103691\/revisions\/103693"}],"wp:featuredmedia":[{"embeddable":true,"href":"https:\/\/tvc16.com\/portal\/wp-json\/wp\/v2\/media\/103692"}],"wp:attachment":[{"href":"https:\/\/tvc16.com\/portal\/wp-json\/wp\/v2\/media?parent=103691"}],"wp:term":[{"taxonomy":"category","embeddable":true,"href":"https:\/\/tvc16.com\/portal\/wp-json\/wp\/v2\/categories?post=103691"},{"taxonomy":"post_tag","embeddable":true,"href":"https:\/\/tvc16.com\/portal\/wp-json\/wp\/v2\/tags?post=103691"}],"curies":[{"name":"wp","href":"https:\/\/api.w.org\/{rel}","templated":true}]}}