{"id":103694,"date":"2025-05-06T09:20:16","date_gmt":"2025-05-06T12:20:16","guid":{"rendered":"https:\/\/tvc16.com\/portal\/?p=103694"},"modified":"2025-05-06T09:20:17","modified_gmt":"2025-05-06T12:20:17","slug":"comecam-os-preparativos-para-a-festa-de-portugal-2025","status":"publish","type":"post","link":"https:\/\/tvc16.com\/portal\/2025\/05\/06\/comecam-os-preparativos-para-a-festa-de-portugal-2025\/","title":{"rendered":"COME\u00c7AM OS PREPARATIVOS PARA A FESTA DE PORTUGAL 2025"},"content":{"rendered":"\n<p>A Casa de Portugal de Petr\u00f3polis ir\u00e1 realizar, de 15 a 18 de maio, a quinta edi\u00e7\u00e3o da Festa de Portugal. A abertura ocorre \u00e0s 17 horas do dia 15, na sede social da Rua General Rondon, 715, no Quitandinha e os preparativos para a festa, que j\u00e1 virou tradi\u00e7\u00e3o na cidade, j\u00e1 come\u00e7aram.<\/p>\n\n\n\n<p>De acordo com o presidente da Casa de Portugal de Petr\u00f3polis, M\u00e1rio Alexandre D\u00b4Angelo Mesquita, o evento ter\u00e1 uma programa\u00e7\u00e3o mais extensa que as edi\u00e7\u00f5es anteriores e ainda mais voltada para atra\u00e7\u00f5es t\u00edpicas portuguesas. \u201cEstamos muito orgulhosos em realizar esta linda festa mais um ano, enaltecendo nossas ra\u00edzes e deixando vivas as tradi\u00e7\u00f5es de nossos pais e antepassados. Nosso objetivo com este evento \u00e9 proporcionar para Petr\u00f3polis uma atra\u00e7\u00e3o diferenciada, tanto para os moradores, quanto para os turistas, com boa gastronomia e divers\u00e3o\u201d, disse M\u00e1rio.<\/p>\n\n\n\n<p>O evento ir\u00e1 contar com muita comida t\u00edpica, tendo como destaques as barracas montadas no p\u00e1tio da Casa, onde ser\u00e1 poss\u00edvel encontrar artesanato, bebidas, como vinhos da regi\u00e3o e chope de vinho, e muitos petiscos, sendo o bolinho de bacalhau, o mais caracter\u00edstico, al\u00e9m de embutidos e p\u00e3es. O tradicional pastel de nata, conhecido doce portugu\u00eas, tamb\u00e9m n\u00e3o pode faltar. A Festa de Portugal ainda ter\u00e1 m\u00fasica ao vivo.<\/p>\n","protected":false},"excerpt":{"rendered":"<p>A Casa de Portugal de Petr\u00f3polis ir\u00e1 realizar, de 15 a 18 de maio, a<\/p>\n","protected":false},"author":2,"featured_media":103695,"comment_status":"open","ping_status":"open","sticky":false,"template":"","format":"standard","meta":{"footnotes":""},"categories":[12],"tags":[],"class_list":["post-103694","post","type-post","status-publish","format-standard","has-post-thumbnail","hentry","category-cidade"],"_links":{"self":[{"href":"https:\/\/tvc16.com\/portal\/wp-json\/wp\/v2\/posts\/103694","targetHints":{"allow":["GET"]}}],"collection":[{"href":"https:\/\/tvc16.com\/portal\/wp-json\/wp\/v2\/posts"}],"about":[{"href":"https:\/\/tvc16.com\/portal\/wp-json\/wp\/v2\/types\/post"}],"author":[{"embeddable":true,"href":"https:\/\/tvc16.com\/portal\/wp-json\/wp\/v2\/users\/2"}],"replies":[{"embeddable":true,"href":"https:\/\/tvc16.com\/portal\/wp-json\/wp\/v2\/comments?post=103694"}],"version-history":[{"count":1,"href":"https:\/\/tvc16.com\/portal\/wp-json\/wp\/v2\/posts\/103694\/revisions"}],"predecessor-version":[{"id":103696,"href":"https:\/\/tvc16.com\/portal\/wp-json\/wp\/v2\/posts\/103694\/revisions\/103696"}],"wp:featuredmedia":[{"embeddable":true,"href":"https:\/\/tvc16.com\/portal\/wp-json\/wp\/v2\/media\/103695"}],"wp:attachment":[{"href":"https:\/\/tvc16.com\/portal\/wp-json\/wp\/v2\/media?parent=103694"}],"wp:term":[{"taxonomy":"category","embeddable":true,"href":"https:\/\/tvc16.com\/portal\/wp-json\/wp\/v2\/categories?post=103694"},{"taxonomy":"post_tag","embeddable":true,"href":"https:\/\/tvc16.com\/portal\/wp-json\/wp\/v2\/tags?post=103694"}],"curies":[{"name":"wp","href":"https:\/\/api.w.org\/{rel}","templated":true}]}}