{"id":10370,"date":"2021-02-13T16:16:56","date_gmt":"2021-02-13T19:16:56","guid":{"rendered":"https:\/\/tvc16.com\/portal\/?p=10370"},"modified":"2021-02-13T16:16:58","modified_gmt":"2021-02-13T19:16:58","slug":"upa-cascatinha-voltara-a-funcionar-neste-sabado-13-como-unidade-de-pronto-atendimento-recebendo-pacientes-que-buscam-os-servicos-de-urgencia-e-emergencia-em-funcao-de-problemas-de-saude-nao-relacio","status":"publish","type":"post","link":"https:\/\/tvc16.com\/portal\/2021\/02\/13\/upa-cascatinha-voltara-a-funcionar-neste-sabado-13-como-unidade-de-pronto-atendimento-recebendo-pacientes-que-buscam-os-servicos-de-urgencia-e-emergencia-em-funcao-de-problemas-de-saude-nao-relacio\/","title":{"rendered":"UPA Cascatinha voltar\u00e1 a funcionar neste s\u00e1bado (13) como unidade de pronto atendimento, recebendo pacientes que buscam os servi\u00e7os de urg\u00eancia e emerg\u00eancia em fun\u00e7\u00e3o de problemas de sa\u00fade n\u00e3o relacionados ao coronav\u00edrus"},"content":{"rendered":"\n<p>O ponto de apoio montado ao lado da UPA seguir\u00e1 funcionando, com m\u00e9dicos 24h, atendendo pacientes com sintomas de covid-19. A mudan\u00e7a leva em conta o controle da taxa de ocupa\u00e7\u00e3o de leitos hospitalares para pacientes com covid-19, que, na \u00faltima quinta-feira, estava em 38% nos leitos cl\u00ednicos e 23% nos leitos de UTI.<\/p>\n\n\n\n<p><\/p>\n\n\n\n<p>Na \u00faltima quinta-feira (11), dos 20 leitos para interna\u00e7\u00e3o na UPA Vermelha (10 cl\u00ednicos e 10 UTIs), seis estavam ocupados. No Hospital Municipal Nelson de S\u00e1 Earp (HMNSE), dos 58 leitos para interna\u00e7\u00e3o (44 cl\u00ednicos e 13 de UTI), 18 estavam ocupados.<\/p>\n\n\n\n<p>Esta mudan\u00e7a vai permitir uma melhor assist\u00eancia \u00e0 popula\u00e7\u00e3o, que voltar\u00e1 a contar com quatro portas de entrada n\u00e3o covid (UPA Cascatinha, UPA Centro, UPA Itaipava e Pronto Socorro Le\u00f4nidas Sampaio), detalhou o secret\u00e1rio municipal de Sa\u00fade, Aloisio Barbosa da Silva Filho. Os tr\u00eas pontos de apoio para pacientes com sintomas de covid-19 continuar\u00e3o funcionando ao lado da UPA Cascatinha, no Hospital Municipal Nelson de S\u00e1 Earp (HMNSE) e ao lado da Unidade B\u00e1sica de Sa\u00fade de Itaipava.<\/p>\n\n\n\n<p>No caso dos pontos de apoio, o que funciona ao lado da UPA Cascatinha tem m\u00e9dicos 24 horas. Os dois outros, no HMNSE e em Itaipava, tamb\u00e9m funcionam 24h, mas com atendimento m\u00e9dico das 8h \u00e0s 20h. Das 20h \u00e0s 8h h\u00e1 equipes de enfermagem para a realiza\u00e7\u00e3o de exames e orienta\u00e7\u00e3o.<\/p>\n\n\n\n<p>Petr\u00f3polis teve, at\u00e9 agora, desde o in\u00edcio da pandemia 17.113 casos de covid-19 confirmados.<\/p>\n","protected":false},"excerpt":{"rendered":"<p>O ponto de apoio montado ao lado da UPA seguir\u00e1 funcionando, com m\u00e9dicos 24h, atendendo<\/p>\n","protected":false},"author":2,"featured_media":10371,"comment_status":"open","ping_status":"open","sticky":false,"template":"","format":"standard","meta":{"footnotes":""},"categories":[12],"tags":[],"class_list":["post-10370","post","type-post","status-publish","format-standard","has-post-thumbnail","hentry","category-cidade"],"_links":{"self":[{"href":"https:\/\/tvc16.com\/portal\/wp-json\/wp\/v2\/posts\/10370","targetHints":{"allow":["GET"]}}],"collection":[{"href":"https:\/\/tvc16.com\/portal\/wp-json\/wp\/v2\/posts"}],"about":[{"href":"https:\/\/tvc16.com\/portal\/wp-json\/wp\/v2\/types\/post"}],"author":[{"embeddable":true,"href":"https:\/\/tvc16.com\/portal\/wp-json\/wp\/v2\/users\/2"}],"replies":[{"embeddable":true,"href":"https:\/\/tvc16.com\/portal\/wp-json\/wp\/v2\/comments?post=10370"}],"version-history":[{"count":1,"href":"https:\/\/tvc16.com\/portal\/wp-json\/wp\/v2\/posts\/10370\/revisions"}],"predecessor-version":[{"id":10372,"href":"https:\/\/tvc16.com\/portal\/wp-json\/wp\/v2\/posts\/10370\/revisions\/10372"}],"wp:featuredmedia":[{"embeddable":true,"href":"https:\/\/tvc16.com\/portal\/wp-json\/wp\/v2\/media\/10371"}],"wp:attachment":[{"href":"https:\/\/tvc16.com\/portal\/wp-json\/wp\/v2\/media?parent=10370"}],"wp:term":[{"taxonomy":"category","embeddable":true,"href":"https:\/\/tvc16.com\/portal\/wp-json\/wp\/v2\/categories?post=10370"},{"taxonomy":"post_tag","embeddable":true,"href":"https:\/\/tvc16.com\/portal\/wp-json\/wp\/v2\/tags?post=10370"}],"curies":[{"name":"wp","href":"https:\/\/api.w.org\/{rel}","templated":true}]}}