{"id":103700,"date":"2025-05-06T09:23:58","date_gmt":"2025-05-06T12:23:58","guid":{"rendered":"https:\/\/tvc16.com\/portal\/?p=103700"},"modified":"2025-05-06T09:23:58","modified_gmt":"2025-05-06T12:23:58","slug":"armazem-do-grao-celebra-o-dia-das-maes-com-sorteio-e-decoracao-especial-nas-lojas","status":"publish","type":"post","link":"https:\/\/tvc16.com\/portal\/2025\/05\/06\/armazem-do-grao-celebra-o-dia-das-maes-com-sorteio-e-decoracao-especial-nas-lojas\/","title":{"rendered":"Armaz\u00e9m do Gr\u00e3o celebra o Dia das M\u00e3es com sorteio e decora\u00e7\u00e3o especial nas lojas"},"content":{"rendered":"\n<p>Rede de supermercados far\u00e1 campanha interativa em seis unidades com pr\u00eamio exclusivo de uma cafeteira Luna 3 Cora\u00e7\u00f5es<\/p>\n\n\n\n<p>Em celebra\u00e7\u00e3o ao Dia das M\u00e3es, o Armaz\u00e9m do Gr\u00e3o preparou uma a\u00e7\u00e3o especial para seus clientes: uma campanha interativa em seis unidades da rede, com o sorteio de uma cafeteira Luna 3 Cora\u00e7\u00f5es como pr\u00eamio.<\/p>\n\n\n\n<p>A iniciativa une afeto e comemora\u00e7\u00e3o, convidando os clientes a registrarem momentos nas lojas decoradas especialmente para a data. Para participar, basta tirar uma foto no espa\u00e7o tem\u00e1tico de Dia das M\u00e3es, publicar nos stories do Instagram e marcar o perfil oficial do supermercado: @armazem_do_grao.<\/p>\n\n\n\n<p>A campanha acontece nas lojas Mosela, Capela, Corr\u00eaas e Boa Vista (em Petr\u00f3polis), no bairro Alto (Teres\u00f3polis) e na unidade da Barra da Tijuca (Rio de Janeiro). O sorteio est\u00e1 previsto para o dia 12 de maio de 2025.<\/p>\n\n\n\n<p>A cafeteira Luna 3 Cora\u00e7\u00f5es foi escolhida como s\u00edmbolo dessa homenagem por transformar o simples ato de tomar caf\u00e9 em um momento especial de carinho e conex\u00e3o familiar. A a\u00e7\u00e3o \u00e9 fruto de uma parceria com o Grupo 3Cora\u00e7\u00f5es \u2014 um dos principais fornecedores da rede.<\/p>\n\n\n\n<p>Mais do que oferecer um pr\u00eamio, queremos incentivar nossos clientes a vivenciarem experi\u00eancias afetivas em nossas lojas. Celebrar o amor de m\u00e3e merece um cen\u00e1rio bonito e uma lembran\u00e7a que aque\u00e7a o cora\u00e7\u00e3o.<\/p>\n\n\n\n<p>Como participar:<\/p>\n\n\n\n<ol class=\"wp-block-list\">\n<li>Visite uma das lojas participantes (Mosela, Capela, Corr\u00eaas, Boa Vista, Alto ou Barra da Tijuca).<\/li>\n\n\n\n<li>Tire uma foto na decora\u00e7\u00e3o de Dia das M\u00e3es.<\/li>\n\n\n\n<li>Poste nos stories do Instagram, marcando o perfil @armazemdograo.<\/li>\n\n\n\n<li>Pronto! Voc\u00ea j\u00e1 est\u00e1 concorrendo.<\/li>\n<\/ol>\n\n\n\n<p>Regulamento:<br>\u2022 Ser\u00e3o v\u00e1lidos os registros feitos nas lojas do dia 05\/05 at\u00e9 o dia 09\/05\/2025<br>\u2022 O sorteio ser\u00e1 realizado no dia 12\/05\/2025<br>\u2022 O vencedor ser\u00e1 divulgado ap\u00f3s a apura\u00e7\u00e3o das regras.<br>\u2022 O pr\u00eamio (uma cafeteira Luna 3 Cora\u00e7\u00f5es) dever\u00e1 ser retirado na sede do Armaz\u00e9m do Gr\u00e3o em Petr\u00f3polis, RJ.<br>\u2022 O pr\u00eamio n\u00e3o poder\u00e1 ser trocado por dinheiro.<br>\u2022 Pessoas jur\u00eddicas, s\u00f3cios e colaboradores do Armaz\u00e9m do Gr\u00e3o n\u00e3o podem participar.<\/p>\n","protected":false},"excerpt":{"rendered":"<p>Rede de supermercados far\u00e1 campanha interativa em seis unidades com pr\u00eamio exclusivo de uma cafeteira<\/p>\n","protected":false},"author":2,"featured_media":103701,"comment_status":"open","ping_status":"open","sticky":false,"template":"","format":"standard","meta":{"footnotes":""},"categories":[12],"tags":[],"class_list":["post-103700","post","type-post","status-publish","format-standard","has-post-thumbnail","hentry","category-cidade"],"_links":{"self":[{"href":"https:\/\/tvc16.com\/portal\/wp-json\/wp\/v2\/posts\/103700","targetHints":{"allow":["GET"]}}],"collection":[{"href":"https:\/\/tvc16.com\/portal\/wp-json\/wp\/v2\/posts"}],"about":[{"href":"https:\/\/tvc16.com\/portal\/wp-json\/wp\/v2\/types\/post"}],"author":[{"embeddable":true,"href":"https:\/\/tvc16.com\/portal\/wp-json\/wp\/v2\/users\/2"}],"replies":[{"embeddable":true,"href":"https:\/\/tvc16.com\/portal\/wp-json\/wp\/v2\/comments?post=103700"}],"version-history":[{"count":1,"href":"https:\/\/tvc16.com\/portal\/wp-json\/wp\/v2\/posts\/103700\/revisions"}],"predecessor-version":[{"id":103702,"href":"https:\/\/tvc16.com\/portal\/wp-json\/wp\/v2\/posts\/103700\/revisions\/103702"}],"wp:featuredmedia":[{"embeddable":true,"href":"https:\/\/tvc16.com\/portal\/wp-json\/wp\/v2\/media\/103701"}],"wp:attachment":[{"href":"https:\/\/tvc16.com\/portal\/wp-json\/wp\/v2\/media?parent=103700"}],"wp:term":[{"taxonomy":"category","embeddable":true,"href":"https:\/\/tvc16.com\/portal\/wp-json\/wp\/v2\/categories?post=103700"},{"taxonomy":"post_tag","embeddable":true,"href":"https:\/\/tvc16.com\/portal\/wp-json\/wp\/v2\/tags?post=103700"}],"curies":[{"name":"wp","href":"https:\/\/api.w.org\/{rel}","templated":true}]}}