{"id":103713,"date":"2025-05-06T09:34:40","date_gmt":"2025-05-06T12:34:40","guid":{"rendered":"https:\/\/tvc16.com\/portal\/?p=103713"},"modified":"2025-05-06T09:34:41","modified_gmt":"2025-05-06T12:34:41","slug":"balcao-de-empregos-da-prefeitura-oferece-mais-29-vagas-para-esta-semana-2","status":"publish","type":"post","link":"https:\/\/tvc16.com\/portal\/2025\/05\/06\/balcao-de-empregos-da-prefeitura-oferece-mais-29-vagas-para-esta-semana-2\/","title":{"rendered":"Balc\u00e3o de Empregos da Prefeitura oferece mais 29 vagas para esta semana"},"content":{"rendered":"\n<p>A Prefeitura, por meio do Balc\u00e3o de Empregos, est\u00e1 oferecendo 29 oportunidades de emprego entre segunda-feira (05) a sexta-feira (09). Os candidatos podem realizar o cadastro de seus curr\u00edculos no site da Prefeitura (https:\/\/www.petropolis.rj.gov.br)<\/p>\n\n\n\n<p>S\u00e3o seis oportunidades de primeiro emprego que n\u00e3o exigem experi\u00eancia, em vagas para: Auxiliar de el\u00e9trica, Auxiliar de tr\u00e1fego, Cartazeiro, Frentista e gar\u00e7om<\/p>\n\n\n\n<p>O Balc\u00e3o desta semana tamb\u00e9m conta com oito vagas destinadas a pessoas com defici\u00eancia para: agente de limpeza, atendente e auxiliar de tr\u00e1fego.<\/p>\n\n\n\n<p>Veja todas as oportunidades desta semana:<\/p>\n\n\n\n<p>A\u00e7ougueiro &#8211; Ensino M\u00e9dio \/ Experi\u00eancia de 1 ano na fun\u00e7\u00e3o &#8211; 3 vagas<\/p>\n\n\n\n<p>Auxiliar de El\u00e9trica &#8211; Ensino M\u00e9dio \/ Cursos espec\u00edficos na \u00e1rea &#8211; 1 vaga<\/p>\n\n\n\n<p>Auxiliar de Servi\u00e7os Gerais &#8211; Ensino Fundamental \/ Experi\u00eancia na fun\u00e7\u00e3o &#8211; 1 vaga<br>Auxiliar de Tr\u00e1fego Ensino Fundamental &#8211; 2 vagas<\/p>\n\n\n\n<p>Cartazeiro &#8211; Ensino M\u00e9dio &#8211; 1 vaga<\/p>\n\n\n\n<p>Comprador &#8211; Ensino M\u00e9dio \/ CNH Cat. B Cursos espec\u00edficos na \u00e1rea \/ Experi\u00eancia na fun\u00e7\u00e3o &#8211; 1 vaga<\/p>\n\n\n\n<p>Eletricista (Instala\u00e7\u00f5es Industriais) &#8211; Ensino M\u00e9dio \/ Cursos espec\u00edficos na \u00e1rea \/ Experi\u00eancia de 1 ano na fun\u00e7\u00e3o &#8211; 1 vaga<\/p>\n\n\n\n<p>Frentista &#8211; Ensino M\u00e9dio &#8211; 1 vaga<\/p>\n\n\n\n<p>Gar\u00e7om &#8211; Ensino M\u00e9dio &#8211; 1 vaga<\/p>\n\n\n\n<p>Mec\u00e2nico de Manuten\u00e7\u00e3o (Instala\u00e7\u00f5es Industriais) &#8211; Ensino M\u00e9dio \/ Cursos espec\u00edficos na \u00e1rea &#8211; 1 vaga<\/p>\n\n\n\n<p>Operador de Loja &#8211; Ensino M\u00e9dio \/ Experi\u00eancia de 1 ano na fun\u00e7\u00e3o &#8211; 4 vagas<\/p>\n\n\n\n<p>Serralheiro &#8211; Ensino M\u00e9dio \/ Curso espec\u00edfico na \u00e1rea \/ Experi\u00eancia de 1 ano na fun\u00e7\u00e3o &#8211; 1 vaga<\/p>\n\n\n\n<p>T\u00e9cnico Eletromec\u00e2nico &#8211; Ensino M\u00e9dio \/ Cursos espec\u00edficos na \u00e1rea \/ Experi\u00eancia de 1 ano na fun\u00e7\u00e3o &#8211; 2 vagas<\/p>\n\n\n\n<p>T\u00e9cnico Eletrot\u00e9cnico &#8211; Ensino M\u00e9dio \/ Cursos espec\u00edficos na \u00e1rea \/ Experi\u00eancia de 1 ano na fun\u00e7\u00e3o &#8211; 1 vaga<\/p>\n\n\n\n<p>Agente de Limpeza (Pessoa com Defici\u00eancia) &#8211; Ensino Fundamental \/ Possuir laudo que comprove defici\u00eancia que permita a realiza\u00e7\u00e3o das atividades com seguran\u00e7a &#8211; 2 vagas<\/p>\n\n\n\n<p>Atendente (Pessoa com Defici\u00eancia) &#8211; Ensino Fundamental \/ Possuir laudo que comprove defici\u00eancia que permita a realiza\u00e7\u00e3o das atividades com seguran\u00e7a &#8211; 4 vagas<\/p>\n\n\n\n<p>Auxiliar de Tr\u00e1fego (Pessoa com Defici\u00eancia) &#8211; Ensino Fundamental \/ Possuir laudo que comprove defici\u00eancia que permita a realiza\u00e7\u00e3o das atividades com seguran\u00e7a &#8211; 2 vagas<\/p>\n","protected":false},"excerpt":{"rendered":"<p>A Prefeitura, por meio do Balc\u00e3o de Empregos, est\u00e1 oferecendo 29 oportunidades de emprego entre<\/p>\n","protected":false},"author":2,"featured_media":101592,"comment_status":"open","ping_status":"open","sticky":false,"template":"","format":"standard","meta":{"footnotes":""},"categories":[12],"tags":[],"class_list":["post-103713","post","type-post","status-publish","format-standard","has-post-thumbnail","hentry","category-cidade"],"_links":{"self":[{"href":"https:\/\/tvc16.com\/portal\/wp-json\/wp\/v2\/posts\/103713","targetHints":{"allow":["GET"]}}],"collection":[{"href":"https:\/\/tvc16.com\/portal\/wp-json\/wp\/v2\/posts"}],"about":[{"href":"https:\/\/tvc16.com\/portal\/wp-json\/wp\/v2\/types\/post"}],"author":[{"embeddable":true,"href":"https:\/\/tvc16.com\/portal\/wp-json\/wp\/v2\/users\/2"}],"replies":[{"embeddable":true,"href":"https:\/\/tvc16.com\/portal\/wp-json\/wp\/v2\/comments?post=103713"}],"version-history":[{"count":1,"href":"https:\/\/tvc16.com\/portal\/wp-json\/wp\/v2\/posts\/103713\/revisions"}],"predecessor-version":[{"id":103714,"href":"https:\/\/tvc16.com\/portal\/wp-json\/wp\/v2\/posts\/103713\/revisions\/103714"}],"wp:featuredmedia":[{"embeddable":true,"href":"https:\/\/tvc16.com\/portal\/wp-json\/wp\/v2\/media\/101592"}],"wp:attachment":[{"href":"https:\/\/tvc16.com\/portal\/wp-json\/wp\/v2\/media?parent=103713"}],"wp:term":[{"taxonomy":"category","embeddable":true,"href":"https:\/\/tvc16.com\/portal\/wp-json\/wp\/v2\/categories?post=103713"},{"taxonomy":"post_tag","embeddable":true,"href":"https:\/\/tvc16.com\/portal\/wp-json\/wp\/v2\/tags?post=103713"}],"curies":[{"name":"wp","href":"https:\/\/api.w.org\/{rel}","templated":true}]}}