{"id":103715,"date":"2025-05-06T09:37:43","date_gmt":"2025-05-06T12:37:43","guid":{"rendered":"https:\/\/tvc16.com\/portal\/?p=103715"},"modified":"2025-05-06T09:37:44","modified_gmt":"2025-05-06T12:37:44","slug":"maio-amarelo-abertura-oficial-e-nesta-terca-feira-no-palacio-de-cristal-2","status":"publish","type":"post","link":"https:\/\/tvc16.com\/portal\/2025\/05\/06\/maio-amarelo-abertura-oficial-e-nesta-terca-feira-no-palacio-de-cristal-2\/","title":{"rendered":"Maio Amarelo: abertura oficial \u00e9 nesta ter\u00e7a-feira, no Pal\u00e1cio de Cristal"},"content":{"rendered":"\n<p>M\u00eas de conscientiza\u00e7\u00e3o sobre a seguran\u00e7a no tr\u00e2nsito tem mais de 50 atividades programadas.<\/p>\n\n\n\n<p>Come\u00e7a nesta ter\u00e7a-feira (6), \u00e0s 10h, no Pal\u00e1cio de Cristal, a campanha de conscientiza\u00e7\u00e3o contra a viol\u00eancia no Tr\u00e2nsito do Maio Amarelo. Ao longo de todo o m\u00eas de maio, seguindo os par\u00e2metros da campanha internacional, a Prefeitura de Petr\u00f3polis, atrav\u00e9s da Companhia Petropolitana de Tr\u00e2nsito e Transportes &#8211; CPTrans, realiza uma s\u00e9rie de palestras, a\u00e7\u00f5es educativas e at\u00e9 simulados de acidentes para alertar a popula\u00e7\u00e3o sobre os riscos no tr\u00e2nsito e sobre uma conduta respons\u00e1vel. Ser\u00e3o mais de 50 atividades.<\/p>\n\n\n\n<p>\u201cEsse \u00e9 um m\u00eas important\u00edssimo de criar a cultura de preven\u00e7\u00e3o de acidentes nas nossa cidade. Seja nas escolas, educando as nossas crian\u00e7as. Seja falando com profissionais que atuam no tr\u00e2nsito, como motoristas de t\u00e1xis e outros ve\u00edculos, por exemplo. O mais importante \u00e9 que todos entendam seu papel para criar um tr\u00e2nsito mais seguro. Isso ajuda a salvar vidas\u201d, destacou o prefeito Hingo Hammes.<\/p>\n\n\n\n<p>A abertura oficial do Maio Amarelo, que neste ano tem como tema \u201cDesacelere. Sua vida \u00e9 mais importante\u201d contar\u00e1 com a participa\u00e7\u00e3o da equipe da Opera\u00e7\u00e3o Lei Seca, junto com a chefe de equipe Eleni Martins e de Fernanda Carlos da Silva, que compartilhar\u00e3o experi\u00eancias e refor\u00e7ar\u00e3o a import\u00e2ncia da empatia e da responsabilidade no tr\u00e2nsito.<\/p>\n\n\n\n<p>A programa\u00e7\u00e3o tamb\u00e9m inclui apresenta\u00e7\u00f5es culturais de alunos da rede municipal de ensino, como o Coral Canta Gunnar, da Escola Gunnar Vingren, com 45 alunos, que far\u00e1 uma apresenta\u00e7\u00e3o especial. Em seguida, estudantes da Escola Municipal Arnaldo Dyckerhoff apresentar\u00e3o o Rap do Tr\u00e2nsito e uma poesia autoral sobre seguran\u00e7a vi\u00e1ria, reunindo 15 alunos em uma performance, que une educa\u00e7\u00e3o e arte para conscientizar.<\/p>\n\n\n\n<p>\u201cE ao longo de todo m\u00eas de maio essas apresenta\u00e7\u00f5es, palestras, blitzes educativas, interven\u00e7\u00f5es em escolas e empresas, simula\u00e7\u00f5es de acidentes de tr\u00e2nsito no centro da cidade. Sempre com foco na valoriza\u00e7\u00e3o da vida e na constru\u00e7\u00e3o de um tr\u00e2nsito mais seguro para todos\u201d, destacou o presidente da CPTrans, Luciano Moreira, que junto com o prefeito Hingo Hammes e outras autoridades municipais participa da abertura do Maio Amarelo.<\/p>\n","protected":false},"excerpt":{"rendered":"<p>M\u00eas de conscientiza\u00e7\u00e3o sobre a seguran\u00e7a no tr\u00e2nsito tem mais de 50 atividades programadas. Come\u00e7a<\/p>\n","protected":false},"author":2,"featured_media":84666,"comment_status":"open","ping_status":"open","sticky":false,"template":"","format":"standard","meta":{"footnotes":""},"categories":[12],"tags":[],"class_list":["post-103715","post","type-post","status-publish","format-standard","has-post-thumbnail","hentry","category-cidade"],"_links":{"self":[{"href":"https:\/\/tvc16.com\/portal\/wp-json\/wp\/v2\/posts\/103715","targetHints":{"allow":["GET"]}}],"collection":[{"href":"https:\/\/tvc16.com\/portal\/wp-json\/wp\/v2\/posts"}],"about":[{"href":"https:\/\/tvc16.com\/portal\/wp-json\/wp\/v2\/types\/post"}],"author":[{"embeddable":true,"href":"https:\/\/tvc16.com\/portal\/wp-json\/wp\/v2\/users\/2"}],"replies":[{"embeddable":true,"href":"https:\/\/tvc16.com\/portal\/wp-json\/wp\/v2\/comments?post=103715"}],"version-history":[{"count":1,"href":"https:\/\/tvc16.com\/portal\/wp-json\/wp\/v2\/posts\/103715\/revisions"}],"predecessor-version":[{"id":103716,"href":"https:\/\/tvc16.com\/portal\/wp-json\/wp\/v2\/posts\/103715\/revisions\/103716"}],"wp:featuredmedia":[{"embeddable":true,"href":"https:\/\/tvc16.com\/portal\/wp-json\/wp\/v2\/media\/84666"}],"wp:attachment":[{"href":"https:\/\/tvc16.com\/portal\/wp-json\/wp\/v2\/media?parent=103715"}],"wp:term":[{"taxonomy":"category","embeddable":true,"href":"https:\/\/tvc16.com\/portal\/wp-json\/wp\/v2\/categories?post=103715"},{"taxonomy":"post_tag","embeddable":true,"href":"https:\/\/tvc16.com\/portal\/wp-json\/wp\/v2\/tags?post=103715"}],"curies":[{"name":"wp","href":"https:\/\/api.w.org\/{rel}","templated":true}]}}