{"id":103723,"date":"2025-05-06T09:44:20","date_gmt":"2025-05-06T12:44:20","guid":{"rendered":"https:\/\/tvc16.com\/portal\/?p=103723"},"modified":"2025-05-06T09:44:21","modified_gmt":"2025-05-06T12:44:21","slug":"caixa-comeca-a-oferecer-minha-casa-minha-vida-para-classe-media","status":"publish","type":"post","link":"https:\/\/tvc16.com\/portal\/2025\/05\/06\/caixa-comeca-a-oferecer-minha-casa-minha-vida-para-classe-media\/","title":{"rendered":"Caixa come\u00e7a a oferecer Minha Casa, Minha Vida para classe m\u00e9dia"},"content":{"rendered":"\n<p>Nova modalidade atende fam\u00edlias com renda mensal de at\u00e9 R$ 12 mil<\/p>\n\n\n\n<p><strong>As fam\u00edlias com renda mensal de at\u00e9 R$ 12 mil podem, a partir desta segunda-feira (5), contratar a nova modalidade do Minha Casa, Minha Vida voltada \u00e0 classe m\u00e9dia<\/strong>. A Caixa Econ\u00f4mica Federal come\u00e7ou a oferecer os empr\u00e9stimos da nova categoria do programa habitacional.<img decoding=\"async\" src=\"https:\/\/agenciabrasil.ebc.com.br\/ebc.png?id=1641513&amp;o=node\"><img decoding=\"async\" src=\"https:\/\/agenciabrasil.ebc.com.br\/ebc.gif?id=1641513&amp;o=node\"><\/p>\n\n\n\n<p>L\u00edder no financiamento imobili\u00e1rio no pa\u00eds, concentrando cerca de 70% das opera\u00e7\u00f5es de cr\u00e9dito no setor, a Caixa p\u00f4de come\u00e7ar a operar a nova categoria ap\u00f3s o Conselho Monet\u00e1rio Nacional (CMN) regulamentar, na \u00faltima quarta-feira (30), as<a href=\"https:\/\/agenciabrasil.ebc.com.br\/economia\/noticia\/2025-04\/cmn-regulamenta-ampliacao-do-minha-casa-minha-vida-para-classe-media\" target=\"_blank\" rel=\"noreferrer noopener\">&nbsp;mudan\u00e7as no Minha Casa, Minha Vida<\/a>. Isso porque era necess\u00e1rio definir o uso de fontes alternativas de recursos no programa habitacional, al\u00e9m do Fundo de Garantia do Tempo de Servi\u00e7o (FGTS).<\/p>\n\n\n\n<p><strong>Apelidada de Faixa 4 do Minha Casa, Minha Vida, a nova modalidade oferece financiamentos com juros nominais de 10% ao ano e prazo de at\u00e9 420 meses (35 anos) e permite financiamento de im\u00f3veis de at\u00e9 R$ 500 mil<\/strong>. At\u00e9 80% do valor de im\u00f3veis novos poder\u00e3o ser financiados. Para im\u00f3veis usados, o percentual financiado cai para 60% nas regi\u00f5es Sul e Sudeste e mant\u00e9m-se em 80% para as demais localidades.<\/p>\n\n\n\n<p>A nova modalidade do programa habitacional oferecer\u00e1 cr\u00e9dito com recursos dos lucros e dos rendimentos do FGTS e dinheiro pr\u00f3prio dos bancos, como dep\u00f3sitos na caderneta de poupan\u00e7a e investimentos em Letras de Cr\u00e9dito Imobili\u00e1rio (LCI).<\/p>\n\n\n\n<p><a href=\"https:\/\/www.whatsapp.com\/channel\/0029VaoRTgrInlqYLSk59B2M\" target=\"_blank\" rel=\"noreferrer noopener\">&gt;&gt; Siga o canal da&nbsp;<strong>Ag\u00eancia Brasil<\/strong>&nbsp;no WhatsApp<\/a><\/p>\n\n\n\n<h2 class=\"wp-block-heading\">Faixa 3<\/h2>\n\n\n\n<p><strong>A Caixa tamb\u00e9m reajustou o valor das demais faixas do Minha Casa, Minha Vida,<\/strong>&nbsp;aprovadas no \u00faltimo dia 15&nbsp;<a href=\"https:\/\/agenciabrasil.ebc.com.br\/economia\/noticia\/2025-04\/conselho-do-fgts-aprova-faixa-4-do-minha-casa-minha-vida\" target=\"_blank\" rel=\"noreferrer noopener\">pelo Conselho Curador do FGTS<\/a>&nbsp;e no \u00faltimo dia 25&nbsp;<a href=\"https:\/\/agenciabrasil.ebc.com.br\/economia\/noticia\/2025-04\/minha-casa-minha-vida-classe-media-pode-contratar-partir-de-maio\" target=\"_blank\" rel=\"noreferrer noopener\">pelo Minist\u00e9rio das Cidades<\/a>.<\/p>\n\n\n\n<p>Os novos valores s\u00e3o os seguintes:<\/p>\n\n\n\n<ul class=\"wp-block-list\">\n<li>Faixa 1: renda familiar de at\u00e9 R$ 2.850,00 por m\u00eas, com subs\u00eddio de at\u00e9 95% do valor do im\u00f3vel;<\/li>\n\n\n\n<li>Faixa 2: renda familiar de R$ 2.850,01 a R$ 4,7 mil por m\u00eas, com subs\u00eddio de at\u00e9 R$ 55 mil e juros reduzidos;<\/li>\n\n\n\n<li>Faixa 3: renda familiar de R$ 4.700,01 a R$ 8,6 mil por m\u00eas, sem subs\u00eddios, mas com condi\u00e7\u00f5es de financiamento facilitadas.<\/li>\n<\/ul>\n\n\n\n<p>No caso da Faixa 3, o CMN autorizou o uso de recursos do Fundo Social do Pr\u00e9-Sal para ampliar a oferta de cr\u00e9dito. Essa categoria financia im\u00f3veis de at\u00e9 R$ 350 mil, com juros nominais de 8,16% ao ano, mais Taxa Referencial (TR). Cotistas do FGTS t\u00eam desconto de 0,5 ponto percentual, pagando 7,66% ao ano.<\/p>\n\n\n\n<p>Fam\u00edlias enquadradas nas faixas 1 e 2 tamb\u00e9m est\u00e3o autorizadas pelo Conselho Curador do FGTS a financiar im\u00f3veis pela Faixa 3. No entanto, os mutu\u00e1rios que optarem pela eleva\u00e7\u00e3o de categoria ter\u00e3o as mesmas condi\u00e7\u00f5es da Faixa 3, sem acesso aos subs\u00eddios do governo.<\/p>\n","protected":false},"excerpt":{"rendered":"<p>Nova modalidade atende fam\u00edlias com renda mensal de at\u00e9 R$ 12 mil As fam\u00edlias com<\/p>\n","protected":false},"author":2,"featured_media":103724,"comment_status":"open","ping_status":"open","sticky":false,"template":"","format":"standard","meta":{"footnotes":""},"categories":[17],"tags":[],"class_list":["post-103723","post","type-post","status-publish","format-standard","has-post-thumbnail","hentry","category-outras-noticias"],"_links":{"self":[{"href":"https:\/\/tvc16.com\/portal\/wp-json\/wp\/v2\/posts\/103723","targetHints":{"allow":["GET"]}}],"collection":[{"href":"https:\/\/tvc16.com\/portal\/wp-json\/wp\/v2\/posts"}],"about":[{"href":"https:\/\/tvc16.com\/portal\/wp-json\/wp\/v2\/types\/post"}],"author":[{"embeddable":true,"href":"https:\/\/tvc16.com\/portal\/wp-json\/wp\/v2\/users\/2"}],"replies":[{"embeddable":true,"href":"https:\/\/tvc16.com\/portal\/wp-json\/wp\/v2\/comments?post=103723"}],"version-history":[{"count":1,"href":"https:\/\/tvc16.com\/portal\/wp-json\/wp\/v2\/posts\/103723\/revisions"}],"predecessor-version":[{"id":103725,"href":"https:\/\/tvc16.com\/portal\/wp-json\/wp\/v2\/posts\/103723\/revisions\/103725"}],"wp:featuredmedia":[{"embeddable":true,"href":"https:\/\/tvc16.com\/portal\/wp-json\/wp\/v2\/media\/103724"}],"wp:attachment":[{"href":"https:\/\/tvc16.com\/portal\/wp-json\/wp\/v2\/media?parent=103723"}],"wp:term":[{"taxonomy":"category","embeddable":true,"href":"https:\/\/tvc16.com\/portal\/wp-json\/wp\/v2\/categories?post=103723"},{"taxonomy":"post_tag","embeddable":true,"href":"https:\/\/tvc16.com\/portal\/wp-json\/wp\/v2\/tags?post=103723"}],"curies":[{"name":"wp","href":"https:\/\/api.w.org\/{rel}","templated":true}]}}