{"id":103726,"date":"2025-05-06T09:45:23","date_gmt":"2025-05-06T12:45:23","guid":{"rendered":"https:\/\/tvc16.com\/portal\/?p=103726"},"modified":"2025-05-06T09:45:24","modified_gmt":"2025-05-06T12:45:24","slug":"campanha-maio-amarelo-convida-motoristas-a-desacelerarem-nas-rodovias","status":"publish","type":"post","link":"https:\/\/tvc16.com\/portal\/2025\/05\/06\/campanha-maio-amarelo-convida-motoristas-a-desacelerarem-nas-rodovias\/","title":{"rendered":"Campanha Maio Amarelo convida motoristas a desacelerarem nas rodovias"},"content":{"rendered":"\n<p>Desacelere: seu bem maior \u00e9 a vida \u00e9 o tema da a\u00e7\u00e3o neste ano<\/p>\n\n\n\n<p>Com o tema&nbsp;<em>Desacelere: seu bem maior \u00e9 a vida<\/em>&nbsp;foi lan\u00e7ada hoje (5) a campanha Maio Amarelo 2025, que tem por objetivo ressaltar a import\u00e2ncia da prud\u00eancia e do respeito \u00e0s normas de tr\u00e2nsito para preservar a vida.&nbsp;<img decoding=\"async\" src=\"https:\/\/agenciabrasil.ebc.com.br\/ebc.png?id=1641522&amp;o=node\"><img decoding=\"async\" src=\"https:\/\/agenciabrasil.ebc.com.br\/ebc.gif?id=1641522&amp;o=node\"><\/p>\n\n\n\n<p><strong>Durante todo o m\u00eas ser\u00e3o realizadas a\u00e7\u00f5es para conscientizar os condutores sobre tr\u00e2nsito seguro<\/strong>.<\/p>\n\n\n\n<p>Dados de 2023 do DataSUS, do Minist\u00e9rio da Sa\u00fade, mostram que a cada 15 minutos uma pessoa morre em decorr\u00eancia de acidentes de tr\u00e2nsito no Brasil.&nbsp;<\/p>\n\n\n\n<p>Naquele ano foram registrados 34.881 \u00f3bitos no tr\u00e2nsito, um aumento de 987 \u00f3bitos em compara\u00e7\u00e3o com os dados de 2022.&nbsp;<strong>Excesso de velocidade, distra\u00e7\u00e3o ao volante e desrespeito \u00e0s leis foram as principais causas<\/strong>.<\/p>\n\n\n\n<p>Durante o lan\u00e7amento da campanha, em Bras\u00edlia, o secret\u00e1rio Nacional de Tr\u00e2nsito do Minist\u00e9rio dos Transportes, Adroaldo Catr\u00e3o, alertou para o fato de que, atualmente, em raz\u00e3o dos impactos da tecnologia no cotidiano, as pessoas acabam relacionando a velocidade ao bem-estar e campanha quer, justamente, dialogar com esse cen\u00e1rio.<\/p>\n\n\n\n<p>\u201cEscolher o tema da velocidade foi uma escolha baseada em evid\u00eancias. Todos os estudos mostram que esse \u00e9 um fator de risco fundamental. Ent\u00e3o estamos apontando a lanterna para o problema e mostrando que s\u00e3o v\u00e1rias as solu\u00e7\u00f5es. N\u00e3o \u00e9 s\u00f3 fiscaliza\u00e7\u00e3o, radar e multa.&nbsp;<strong>Estamos falando de pequenas interven\u00e7\u00f5es vi\u00e1rias e de comportamento humano, de educa\u00e7\u00e3o para um melhor comportamento<\/strong>\u201d, disse.<\/p>\n\n\n\n<p>J\u00e1 em rela\u00e7\u00e3o a acidentes ocorridos apenas em rodovias federais, dados da Pol\u00edcia Rodovi\u00e1ria Federal (PRF), mostram que, em 2024, foram registrados 73.121 acidentes, resultando em 84.489 feridos e 6.160 mortos.&nbsp;<\/p>\n\n\n\n<p>Foi quarto ano consecutivo de aumento no n\u00famero de mortes em estradas federais, com alta de 10% em rela\u00e7\u00e3o a 2023.<\/p>\n\n\n\n<blockquote class=\"wp-block-quote is-layout-flow wp-block-quote-is-layout-flow\">\n<p>\u201cDesacelere \u00e9 quase que para lembrar: j\u00e1 parou para pensar o quanto a velocidade impacta no risco que voc\u00ea est\u00e1 correndo?\u201d, apontou Catr\u00e3o.<\/p>\n<\/blockquote>\n\n\n\n<h2 class=\"wp-block-heading\">Sa\u00fade mental<\/h2>\n\n\n\n<p>O Presidente da Associa\u00e7\u00e3o Nacional dos Detrans (AND), Givaldo Vieira, destacou o fato de que&nbsp;<strong>a sociedade precisa ser alertada constantemente para o cuidado, n\u00e3o apenas com o tr\u00e2nsito, mas com a sa\u00fade, em especial a sa\u00fade mental devido ao uso excessivo de dispositivos como celulares.<\/strong><\/p>\n\n\n\n<p>\u201cDesacelerar a vida como um todo. Muitas infra\u00e7\u00f5es como n\u00e3o uso de equipamento obrigat\u00f3rio, ultrapassar o sinal vermelho est\u00e3o ligadas ao uso de celular\u201d, observou.&nbsp;<\/p>\n\n\n\n<p><strong>\u201cDe certo modo as pessoas est\u00e3o aceleradas no uso do celular. Elas est\u00e3o dirigindo e est\u00e3o trocando mensagens, ouvindo ou falando ao celular e essas infra\u00e7\u00f5es est\u00e3o ligadas a esse comportamento excessivamente acelerado\u201d<\/strong>, concluiu Vieira.<\/p>\n\n\n\n<h2 class=\"wp-block-heading\">Maio amarelo<\/h2>\n\n\n\n<p>O movimento Maio Amarelo, que re\u00fane o Poder P\u00fablico e a sociedade civil, foi criado pela Organiza\u00e7\u00e3o das Na\u00e7\u00f5es Unidas (ONU) em 11 de maio de 2011, dentro da D\u00e9cada de A\u00e7\u00e3o para Seguran\u00e7a no Tr\u00e2nsito 2011-2020.&nbsp;<\/p>\n\n\n\n<p><strong>A cor amarela, que simboliza a aten\u00e7\u00e3o nos sinais de tr\u00e2nsito, \u00e9 utilizada para colocar em pauta a urg\u00eancia da redu\u00e7\u00e3o da viol\u00eancia no tr\u00e2nsito.<\/strong><\/p>\n\n\n\n<p>Para o ano de 2025, o Observat\u00f3rio Nacional de Seguran\u00e7a Vi\u00e1ria (ONSV) definiu como tema:&nbsp;<em>Mobilidade Humana, Responsabilidade Humana<\/em>.&nbsp;<\/p>\n\n\n\n<p><strong>Segundo a organiza\u00e7\u00e3o, a mensagem central \u00e9 de que a verdadeira mobilidade humana se constr\u00f3i quando todos se sentem seguros e respeitados.&nbsp;<\/strong><\/p>\n\n\n\n<p>\u201cPara isso, \u00e9 fundamental que a responsabilidade individual se torne uma prioridade coletiva. Juntos, podemos transformar nossas cidades e rodovias em espa\u00e7os mais seguros e inclusivos para todos\u201d, diz a mensagem da campanha.&nbsp;<\/p>\n","protected":false},"excerpt":{"rendered":"<p>Desacelere: seu bem maior \u00e9 a vida \u00e9 o tema da a\u00e7\u00e3o neste ano Com<\/p>\n","protected":false},"author":2,"featured_media":97809,"comment_status":"open","ping_status":"open","sticky":false,"template":"","format":"standard","meta":{"footnotes":""},"categories":[17],"tags":[],"class_list":["post-103726","post","type-post","status-publish","format-standard","has-post-thumbnail","hentry","category-outras-noticias"],"_links":{"self":[{"href":"https:\/\/tvc16.com\/portal\/wp-json\/wp\/v2\/posts\/103726","targetHints":{"allow":["GET"]}}],"collection":[{"href":"https:\/\/tvc16.com\/portal\/wp-json\/wp\/v2\/posts"}],"about":[{"href":"https:\/\/tvc16.com\/portal\/wp-json\/wp\/v2\/types\/post"}],"author":[{"embeddable":true,"href":"https:\/\/tvc16.com\/portal\/wp-json\/wp\/v2\/users\/2"}],"replies":[{"embeddable":true,"href":"https:\/\/tvc16.com\/portal\/wp-json\/wp\/v2\/comments?post=103726"}],"version-history":[{"count":1,"href":"https:\/\/tvc16.com\/portal\/wp-json\/wp\/v2\/posts\/103726\/revisions"}],"predecessor-version":[{"id":103727,"href":"https:\/\/tvc16.com\/portal\/wp-json\/wp\/v2\/posts\/103726\/revisions\/103727"}],"wp:featuredmedia":[{"embeddable":true,"href":"https:\/\/tvc16.com\/portal\/wp-json\/wp\/v2\/media\/97809"}],"wp:attachment":[{"href":"https:\/\/tvc16.com\/portal\/wp-json\/wp\/v2\/media?parent=103726"}],"wp:term":[{"taxonomy":"category","embeddable":true,"href":"https:\/\/tvc16.com\/portal\/wp-json\/wp\/v2\/categories?post=103726"},{"taxonomy":"post_tag","embeddable":true,"href":"https:\/\/tvc16.com\/portal\/wp-json\/wp\/v2\/tags?post=103726"}],"curies":[{"name":"wp","href":"https:\/\/api.w.org\/{rel}","templated":true}]}}