{"id":10373,"date":"2021-02-13T16:21:41","date_gmt":"2021-02-13T19:21:41","guid":{"rendered":"https:\/\/tvc16.com\/portal\/?p=10373"},"modified":"2021-02-13T16:21:44","modified_gmt":"2021-02-13T19:21:44","slug":"coordenadoria-de-bem-estar-animal-cobea-promove-neste-sabado-13-a-primeira-etapa-da-campanha-de-adocao-de-animais","status":"publish","type":"post","link":"https:\/\/tvc16.com\/portal\/2021\/02\/13\/coordenadoria-de-bem-estar-animal-cobea-promove-neste-sabado-13-a-primeira-etapa-da-campanha-de-adocao-de-animais\/","title":{"rendered":"Coordenadoria de Bem-estar Animal (Cobea), promove neste s\u00e1bado (13) a primeira etapa da campanha de ado\u00e7\u00e3o de animais."},"content":{"rendered":"\n<p>O evento ser\u00e1 realizado na Pra\u00e7a Dom Pedro, de 10 \u00e0s 15h, e tamb\u00e9m vai recolher ra\u00e7\u00e3o para ajudar os protetores da Cidade. A a\u00e7\u00e3o, que ser\u00e1 quinzenal, vai contar com duas barracas para os protetores &#8211; estes dever\u00e3o estar cadastrados na Cobea para serem inclu\u00eddos no cronograma. O objetivo \u00e9 estimular a posse respons\u00e1vel com a frase, &#8220;N\u00e3o compre, adote&#8221;.<\/p>\n\n\n\n<p>Os animais (filhotes e adultos) levados para a feira pelos protetores estar\u00e3o vacinados, vermifugados e as f\u00eameas castradas. Para adotar \u00e9 preciso ser maior de idade, al\u00e9m de ter em m\u00e3os o documento de identidade, CPF e um comprovante de resid\u00eancia. <\/p>\n\n\n\n<p>Os protetores interessados em participar das pr\u00f3ximas etapas podem fazer contato com a Cobea atrav\u00e9s do telefone: (24) 2291-1505 ou por e-mail: ceaicobea@petropolis.rj.gov.br. Segundo Jo\u00e3o Valois, a campanha de ado\u00e7\u00e3o tamb\u00e9m \u00e9 uma maneira de conscientizar a popula\u00e7\u00e3o sobre os cuidados necess\u00e1rios com os pets.<\/p>\n\n\n\n<p>\u201cEstamos estabelecendo um calend\u00e1rio fixo de campanhas de ado\u00e7\u00e3o de animais, que trar\u00e1 a possibilidade dos protetores se programarem e organizarem antecipadamente. Acreditamos muito que as campanhas permanentes despertar\u00e3o o desejo das pessoas adotarem um pet de forma consciente\u201d, disse Jo\u00e3o.<\/p>\n\n\n\n<p><em>Campanha em parceria com o moto clube Insanos MC<\/em><\/p>\n\n\n\n<p>Al\u00e9m da campanha de ado\u00e7\u00e3o de animais, a Cobea est\u00e1 arrecadando ra\u00e7\u00e3o, produtos de higiene e insumos em geral para pets em parceria com a divis\u00e3o de Petr\u00f3polis do moto clube Insanos MC. As doa\u00e7\u00f5es podem ser feitas no Centro de Cultura Raul de Leoni, Rua Marechal Deodoro, 209, sala 18 (Loja BMG) e na Est. Uni\u00e3o e Ind\u00fastria, 9418 (Loja Jardim Imperial) e podem ser feitas at\u00e9 o dia 6 de mar\u00e7o.<\/p>\n","protected":false},"excerpt":{"rendered":"<p>O evento ser\u00e1 realizado na Pra\u00e7a Dom Pedro, de 10 \u00e0s 15h, e tamb\u00e9m vai<\/p>\n","protected":false},"author":2,"featured_media":10374,"comment_status":"open","ping_status":"open","sticky":false,"template":"","format":"standard","meta":{"footnotes":""},"categories":[12],"tags":[],"class_list":["post-10373","post","type-post","status-publish","format-standard","has-post-thumbnail","hentry","category-cidade"],"_links":{"self":[{"href":"https:\/\/tvc16.com\/portal\/wp-json\/wp\/v2\/posts\/10373","targetHints":{"allow":["GET"]}}],"collection":[{"href":"https:\/\/tvc16.com\/portal\/wp-json\/wp\/v2\/posts"}],"about":[{"href":"https:\/\/tvc16.com\/portal\/wp-json\/wp\/v2\/types\/post"}],"author":[{"embeddable":true,"href":"https:\/\/tvc16.com\/portal\/wp-json\/wp\/v2\/users\/2"}],"replies":[{"embeddable":true,"href":"https:\/\/tvc16.com\/portal\/wp-json\/wp\/v2\/comments?post=10373"}],"version-history":[{"count":1,"href":"https:\/\/tvc16.com\/portal\/wp-json\/wp\/v2\/posts\/10373\/revisions"}],"predecessor-version":[{"id":10375,"href":"https:\/\/tvc16.com\/portal\/wp-json\/wp\/v2\/posts\/10373\/revisions\/10375"}],"wp:featuredmedia":[{"embeddable":true,"href":"https:\/\/tvc16.com\/portal\/wp-json\/wp\/v2\/media\/10374"}],"wp:attachment":[{"href":"https:\/\/tvc16.com\/portal\/wp-json\/wp\/v2\/media?parent=10373"}],"wp:term":[{"taxonomy":"category","embeddable":true,"href":"https:\/\/tvc16.com\/portal\/wp-json\/wp\/v2\/categories?post=10373"},{"taxonomy":"post_tag","embeddable":true,"href":"https:\/\/tvc16.com\/portal\/wp-json\/wp\/v2\/tags?post=10373"}],"curies":[{"name":"wp","href":"https:\/\/api.w.org\/{rel}","templated":true}]}}