{"id":103732,"date":"2025-05-06T09:52:14","date_gmt":"2025-05-06T12:52:14","guid":{"rendered":"https:\/\/tvc16.com\/portal\/?p=103732"},"modified":"2025-05-06T09:52:14","modified_gmt":"2025-05-06T12:52:14","slug":"justica-torna-carrefour-reu-por-vazamento-de-oleo-diesel-em-santos","status":"publish","type":"post","link":"https:\/\/tvc16.com\/portal\/2025\/05\/06\/justica-torna-carrefour-reu-por-vazamento-de-oleo-diesel-em-santos\/","title":{"rendered":"Justi\u00e7a torna Carrefour r\u00e9u por vazamento de \u00f3leo diesel em Santos"},"content":{"rendered":"\n<p>Caso ocorreu em 2021 e atingiu praias e animais aqu\u00e1ticos<\/p>\n\n\n\n<p>A&nbsp;<strong>Justi\u00e7a Federal tornou r\u00e9u o grupo varejista Carrefour por crimes ambientais&nbsp;<\/strong>causados pelo vazamento de \u00f3leo diesel aditivado em Santos, no litoral paulista.&nbsp;<img decoding=\"async\" src=\"https:\/\/agenciabrasil.ebc.com.br\/ebc.png?id=1641507&amp;o=node\"><img decoding=\"async\" src=\"https:\/\/agenciabrasil.ebc.com.br\/ebc.gif?id=1641507&amp;o=node\"><\/p>\n\n\n\n<p>O evento ocorreu na madrugada do&nbsp;<strong>dia 4 de maio de 2021<\/strong>,&nbsp;<strong>quando dois mil litros de \u00f3leo diesel aditivado vazaram de um sistema de geradores de uma das&nbsp;lojas do Carrefour&nbsp;<\/strong>e foram&nbsp;<strong>parar em galerias pluviais<\/strong>,&nbsp;<strong>atingindo diversas praias de Santos e causando a morte de animais aqu\u00e1ticos<\/strong>.<\/p>\n\n\n\n<p>Segundo o Minist\u00e9rio P\u00fablico Federal (MPF), autor da a\u00e7\u00e3o contra o Carrefour, o&nbsp;<strong>crime ambiental ainda provocou dist\u00farbios respirat\u00f3rios em moradores<\/strong>&nbsp;das proximidades devido ao forte cheiro.<\/p>\n\n\n\n<p>O<strong>&nbsp;vazamento foi provocado pelo rompimento de uma bra\u00e7adeira enferrujada, desgastada por falta de manuten\u00e7\u00e3o<\/strong>, informou o \u00f3rg\u00e3o.&nbsp;<\/p>\n\n\n\n<p>Para o MPF, a&nbsp;<strong>empresa foi omissa na ado\u00e7\u00e3o de medidas preventivas e tamb\u00e9m nas provid\u00eancias emergenciais<\/strong>&nbsp;necess\u00e1rias para evitar que o produto se espalhasse.<\/p>\n\n\n\n<p>\u201cA conduta esperada da r\u00e9 seria efetuar o monitoramento do local, a manuten\u00e7\u00e3o e a substitui\u00e7\u00e3o peri\u00f3dica preventiva da bra\u00e7adeira e da tubula\u00e7\u00e3o, em vez de manter a bra\u00e7adeira enferrujada. Tamb\u00e9m era conduta esperada comunicar o vazamento do \u00f3leo imediatamente ao Poder P\u00fablico, em vez de, para evitar que fosse identificada como a causadora da polui\u00e7\u00e3o, ocultar o fato e limpar o local, destinando o \u00f3leo para o ralo que drenava para a galeria e ao escoamento das \u00e1guas pluviais que des\u00e1guam no mar\u201d, apontou o procurador da Rep\u00fablica Antonio Jos\u00e9 Donizetti Molina Daloia.<\/p>\n\n\n\n<p><strong>Caso seja condenada<\/strong>, explicou o Minist\u00e9rio P\u00fablico Federal (MPF), a<strong>&nbsp;empresa poder\u00e1 ter que pagar multas, custear programas e projetos ambientais e o&nbsp;estabelecimento poder\u00e1 ser interditado.<\/strong>&nbsp;<\/p>\n\n\n\n<p>Procurado pela&nbsp;<strong>Ag\u00eancia Brasil<\/strong>, o<strong>&nbsp;Grupo Carrefour Brasil informou que n\u00e3o se manifesta<\/strong>&nbsp;sobre processos judiciais em andamento.<\/p>\n","protected":false},"excerpt":{"rendered":"<p>Caso ocorreu em 2021 e atingiu praias e animais aqu\u00e1ticos A&nbsp;Justi\u00e7a Federal tornou r\u00e9u o<\/p>\n","protected":false},"author":2,"featured_media":103733,"comment_status":"open","ping_status":"open","sticky":false,"template":"","format":"standard","meta":{"footnotes":""},"categories":[17],"tags":[],"class_list":["post-103732","post","type-post","status-publish","format-standard","has-post-thumbnail","hentry","category-outras-noticias"],"_links":{"self":[{"href":"https:\/\/tvc16.com\/portal\/wp-json\/wp\/v2\/posts\/103732","targetHints":{"allow":["GET"]}}],"collection":[{"href":"https:\/\/tvc16.com\/portal\/wp-json\/wp\/v2\/posts"}],"about":[{"href":"https:\/\/tvc16.com\/portal\/wp-json\/wp\/v2\/types\/post"}],"author":[{"embeddable":true,"href":"https:\/\/tvc16.com\/portal\/wp-json\/wp\/v2\/users\/2"}],"replies":[{"embeddable":true,"href":"https:\/\/tvc16.com\/portal\/wp-json\/wp\/v2\/comments?post=103732"}],"version-history":[{"count":1,"href":"https:\/\/tvc16.com\/portal\/wp-json\/wp\/v2\/posts\/103732\/revisions"}],"predecessor-version":[{"id":103734,"href":"https:\/\/tvc16.com\/portal\/wp-json\/wp\/v2\/posts\/103732\/revisions\/103734"}],"wp:featuredmedia":[{"embeddable":true,"href":"https:\/\/tvc16.com\/portal\/wp-json\/wp\/v2\/media\/103733"}],"wp:attachment":[{"href":"https:\/\/tvc16.com\/portal\/wp-json\/wp\/v2\/media?parent=103732"}],"wp:term":[{"taxonomy":"category","embeddable":true,"href":"https:\/\/tvc16.com\/portal\/wp-json\/wp\/v2\/categories?post=103732"},{"taxonomy":"post_tag","embeddable":true,"href":"https:\/\/tvc16.com\/portal\/wp-json\/wp\/v2\/tags?post=103732"}],"curies":[{"name":"wp","href":"https:\/\/api.w.org\/{rel}","templated":true}]}}