{"id":103741,"date":"2025-05-07T05:00:00","date_gmt":"2025-05-07T08:00:00","guid":{"rendered":"https:\/\/tvc16.com\/portal\/?p=103741"},"modified":"2025-05-06T14:46:59","modified_gmt":"2025-05-06T17:46:59","slug":"prefeitura-de-petropolis-abre-cadastro-para-vacinacao-contra-a-gripe-de-pessoas-acamadas","status":"publish","type":"post","link":"https:\/\/tvc16.com\/portal\/2025\/05\/07\/prefeitura-de-petropolis-abre-cadastro-para-vacinacao-contra-a-gripe-de-pessoas-acamadas\/","title":{"rendered":"Prefeitura de Petr\u00f3polis abre cadastro para vacina\u00e7\u00e3o contra a gripe de pessoas acamadas"},"content":{"rendered":"\n<p>A Prefeitura de Petr\u00f3polis, atrav\u00e9s da Secretaria Municipal de Sa\u00fade, abriu o cadastro para vacina\u00e7\u00e3o de pessoas acamadas contra a gripe Influenza. Podem se cadastrar para a vacina\u00e7\u00e3o domiciliar pessoas com mais de sessenta anos acamadas, com doen\u00e7as cr\u00f4nicas, imunossuprimidos, com obesidade grave ou outra situa\u00e7\u00e3o que comprometa a sa\u00fade e n\u00e3o permita o deslocamento at\u00e9 um ponto de vacina\u00e7\u00e3o.<\/p>\n\n\n\n<p>\u201cEsse cadastramento \u00e9 importante para garantir que essas pessoas n\u00e3o fiquem sem a imuniza\u00e7\u00e3o contra a gripe Influenza e estejam protegidas no per\u00edodo mais frio do ano\u201d, comentou o prefeito Hingo Hammes.<\/p>\n\n\n\n<p>Para garantir a vacina\u00e7\u00e3o domiciliar, \u00e9 preciso fazer um cadastro no site da prefeitura de Petr\u00f3polis. (petropolis.rj.gov.br). O cadastramento acontece at\u00e9 o dia 31 de maio. A vacina\u00e7\u00e3o ser\u00e1 agendada pela equipe de imuniza\u00e7\u00e3o. Em caso de d\u00favida, o familiar respons\u00e1vel pelo paciente pode entrar em contato pelo telefone (24) 99216-9493.<\/p>\n\n\n\n<p>\u201cCom o cadastro de todos os acamados, vamos conseguir montar um planejamento para que as equipes da Secretaria de Sa\u00fade possam se deslocar at\u00e9 cada uma dessas resid\u00eancias para garantir a vacina\u201d, explicou o Secret\u00e1rio de Sa\u00fade Lu\u00eds Cruzick.<\/p>\n\n\n\n<p>Foto: arquivo TVC<\/p>\n","protected":false},"excerpt":{"rendered":"<p>A Prefeitura de Petr\u00f3polis, atrav\u00e9s da Secretaria Municipal de Sa\u00fade, abriu o cadastro para vacina\u00e7\u00e3o<\/p>\n","protected":false},"author":2,"featured_media":91581,"comment_status":"open","ping_status":"open","sticky":false,"template":"","format":"standard","meta":{"footnotes":""},"categories":[12],"tags":[],"class_list":["post-103741","post","type-post","status-publish","format-standard","has-post-thumbnail","hentry","category-cidade"],"_links":{"self":[{"href":"https:\/\/tvc16.com\/portal\/wp-json\/wp\/v2\/posts\/103741","targetHints":{"allow":["GET"]}}],"collection":[{"href":"https:\/\/tvc16.com\/portal\/wp-json\/wp\/v2\/posts"}],"about":[{"href":"https:\/\/tvc16.com\/portal\/wp-json\/wp\/v2\/types\/post"}],"author":[{"embeddable":true,"href":"https:\/\/tvc16.com\/portal\/wp-json\/wp\/v2\/users\/2"}],"replies":[{"embeddable":true,"href":"https:\/\/tvc16.com\/portal\/wp-json\/wp\/v2\/comments?post=103741"}],"version-history":[{"count":1,"href":"https:\/\/tvc16.com\/portal\/wp-json\/wp\/v2\/posts\/103741\/revisions"}],"predecessor-version":[{"id":103742,"href":"https:\/\/tvc16.com\/portal\/wp-json\/wp\/v2\/posts\/103741\/revisions\/103742"}],"wp:featuredmedia":[{"embeddable":true,"href":"https:\/\/tvc16.com\/portal\/wp-json\/wp\/v2\/media\/91581"}],"wp:attachment":[{"href":"https:\/\/tvc16.com\/portal\/wp-json\/wp\/v2\/media?parent=103741"}],"wp:term":[{"taxonomy":"category","embeddable":true,"href":"https:\/\/tvc16.com\/portal\/wp-json\/wp\/v2\/categories?post=103741"},{"taxonomy":"post_tag","embeddable":true,"href":"https:\/\/tvc16.com\/portal\/wp-json\/wp\/v2\/tags?post=103741"}],"curies":[{"name":"wp","href":"https:\/\/api.w.org\/{rel}","templated":true}]}}