{"id":103743,"date":"2025-05-07T05:00:00","date_gmt":"2025-05-07T08:00:00","guid":{"rendered":"https:\/\/tvc16.com\/portal\/?p=103743"},"modified":"2025-05-06T14:49:14","modified_gmt":"2025-05-06T17:49:14","slug":"educacao-fiscal-como-a-declan-ipm-influencia-os-recursos-que-chegam-ao-municipio","status":"publish","type":"post","link":"https:\/\/tvc16.com\/portal\/2025\/05\/07\/educacao-fiscal-como-a-declan-ipm-influencia-os-recursos-que-chegam-ao-municipio\/","title":{"rendered":"Educa\u00e7\u00e3o fiscal: como a Declan-IPM influencia os recursos que chegam ao munic\u00edpio"},"content":{"rendered":"\n<p>O prazo para entregar a Declara\u00e7\u00e3o Anual para o C\u00e1lculo do \u00cdndice de Participa\u00e7\u00e3o dos Munic\u00edpios (Declan-IPM) vai at\u00e9 20 de maio. Esse documento re\u00fane dados sobre as atividades econ\u00f4micas realizadas em cada cidade e serve como base para definir quanto cada munic\u00edpio fluminense vai receber da cota-parte do ICMS. Em Petr\u00f3polis, a Secretaria de Fazenda tem intensificado a\u00e7\u00f5es de orienta\u00e7\u00e3o para que empresas e cidad\u00e3os compreendam melhor a import\u00e2ncia de declarar corretamente essas informa\u00e7\u00f5es.<\/p>\n\n\n\n<p>O \u00cdndice de Participa\u00e7\u00e3o dos Munic\u00edpios (IPM) \u00e9 calculado com base nos dados enviados pelas empresas \u00e0 Secretaria de Estado de Fazenda. Vale ressaltar que 75% do IPM \u00e9 composto pelo Valor Adicionado dos Munic\u00edpios.<\/p>\n\n\n\n<p>A Declan deve ser preenchida por empresas que t\u00eam inscri\u00e7\u00e3o estadual e movimentam economicamente o munic\u00edpio. Os dados informados envolvem a circula\u00e7\u00e3o de mercadorias e a presta\u00e7\u00e3o de servi\u00e7os com incid\u00eancia de ICMS. Quanto mais completas e corretas forem as declara\u00e7\u00f5es, maior o repasse de ICMS para o Munic\u00edpio.<\/p>\n\n\n\n<p>\u201cA compreens\u00e3o do cidad\u00e3o sobre esse processo contribui para a consolida\u00e7\u00e3o da educa\u00e7\u00e3o fiscal. Quanto maior o conhecimento da sociedade sobre os mecanismos de arrecada\u00e7\u00e3o e partilha, mais transparente e eficaz se torna a gest\u00e3o p\u00fablica\u201d, afirmou o prefeito Hingo Hammes. Segundo ele, \u00e9 papel do munic\u00edpio estimular a participa\u00e7\u00e3o dos diversos setores nesse processo que come\u00e7a na atividade econ\u00f4mica e chega at\u00e9 os investimentos em infraestrutura, sa\u00fade, educa\u00e7\u00e3o e demais \u00e1reas.<\/p>\n\n\n\n<p>\u201cA Declan n\u00e3o \u00e9 apenas uma obriga\u00e7\u00e3o acess\u00f3ria das empresas. Ela representa uma ponte entre a movimenta\u00e7\u00e3o econ\u00f4mica local e os investimentos p\u00fablicos que retornam para o munic\u00edpio. Cada dado declarado de forma precisa colabora para um c\u00e1lculo mais justo do \u00edndice de participa\u00e7\u00e3o\u201d, explicou o secret\u00e1rio de Fazenda, Fabio Junior. De acordo com ele, o papel dos contadores tamb\u00e9m \u00e9 fundamental nesse processo, sendo eles os principais interlocutores entre empresas e administra\u00e7\u00e3o tribut\u00e1ria.<\/p>\n\n\n\n<p>A cota-parte do ICMS \u00e9 uma das principais fontes de receita para os munic\u00edpios do Estado do Rio de Janeiro. Em Petr\u00f3polis, esses recursos ajudam a manter servi\u00e7os essenciais e viabilizar programas importantes voltados para a popula\u00e7\u00e3o.<\/p>\n\n\n\n<p>A prefeitura refor\u00e7a que o prazo para entrega da Declan-IPM vai at\u00e9 o dia 20 de maio. O envio deve ser feito por meio do site da Secretaria de Estado de Fazenda. Quem tiver d\u00favidas pode procurar diretamente a Secretaria de Fazenda de Petr\u00f3polis, pelo site www.petropolis.rj.gov.br.<\/p>\n\n\n\n<p>Foto: divulga\u00e7\u00e3o<\/p>\n","protected":false},"excerpt":{"rendered":"<p>O prazo para entregar a Declara\u00e7\u00e3o Anual para o C\u00e1lculo do \u00cdndice de Participa\u00e7\u00e3o dos<\/p>\n","protected":false},"author":2,"featured_media":96474,"comment_status":"open","ping_status":"open","sticky":false,"template":"","format":"standard","meta":{"footnotes":""},"categories":[12],"tags":[],"class_list":["post-103743","post","type-post","status-publish","format-standard","has-post-thumbnail","hentry","category-cidade"],"_links":{"self":[{"href":"https:\/\/tvc16.com\/portal\/wp-json\/wp\/v2\/posts\/103743","targetHints":{"allow":["GET"]}}],"collection":[{"href":"https:\/\/tvc16.com\/portal\/wp-json\/wp\/v2\/posts"}],"about":[{"href":"https:\/\/tvc16.com\/portal\/wp-json\/wp\/v2\/types\/post"}],"author":[{"embeddable":true,"href":"https:\/\/tvc16.com\/portal\/wp-json\/wp\/v2\/users\/2"}],"replies":[{"embeddable":true,"href":"https:\/\/tvc16.com\/portal\/wp-json\/wp\/v2\/comments?post=103743"}],"version-history":[{"count":1,"href":"https:\/\/tvc16.com\/portal\/wp-json\/wp\/v2\/posts\/103743\/revisions"}],"predecessor-version":[{"id":103744,"href":"https:\/\/tvc16.com\/portal\/wp-json\/wp\/v2\/posts\/103743\/revisions\/103744"}],"wp:featuredmedia":[{"embeddable":true,"href":"https:\/\/tvc16.com\/portal\/wp-json\/wp\/v2\/media\/96474"}],"wp:attachment":[{"href":"https:\/\/tvc16.com\/portal\/wp-json\/wp\/v2\/media?parent=103743"}],"wp:term":[{"taxonomy":"category","embeddable":true,"href":"https:\/\/tvc16.com\/portal\/wp-json\/wp\/v2\/categories?post=103743"},{"taxonomy":"post_tag","embeddable":true,"href":"https:\/\/tvc16.com\/portal\/wp-json\/wp\/v2\/tags?post=103743"}],"curies":[{"name":"wp","href":"https:\/\/api.w.org\/{rel}","templated":true}]}}