{"id":103745,"date":"2025-05-07T05:00:00","date_gmt":"2025-05-07T08:00:00","guid":{"rendered":"https:\/\/tvc16.com\/portal\/?p=103745"},"modified":"2025-05-06T14:51:43","modified_gmt":"2025-05-06T17:51:43","slug":"safra-de-cafe-deve-crescer-27-e-chegar-a-56-milhoes-de-sacas-em-2025","status":"publish","type":"post","link":"https:\/\/tvc16.com\/portal\/2025\/05\/07\/safra-de-cafe-deve-crescer-27-e-chegar-a-56-milhoes-de-sacas-em-2025\/","title":{"rendered":"Safra de caf\u00e9 deve crescer 2,7% e chegar a 56 milh\u00f5es de sacas em 2025"},"content":{"rendered":"\n<p><strong>A produ\u00e7\u00e3o de caf\u00e9 no Brasil dever\u00e1 crescer 2,7% na safra 2025, na compara\u00e7\u00e3o com o volume registrado no ano anterior. Com isso, a expectativa \u00e9 de uma colheita de 55,7 milh\u00f5es de sacas.<\/strong><img decoding=\"async\" src=\"https:\/\/agenciabrasil.ebc.com.br\/ebc.png?id=1641574&amp;o=node\"><img decoding=\"async\" src=\"https:\/\/agenciabrasil.ebc.com.br\/ebc.gif?id=1641574&amp;o=node\"><\/p>\n\n\n\n<blockquote class=\"wp-block-quote is-layout-flow wp-block-quote-is-layout-flow\">\n<p>Caso as previs\u00f5es sejam confirmadas, ser\u00e1 \u201co maior j\u00e1 registrado para um ano de baixa bienalidade, superando em 1,1% a colheita registrada em 2023\u201d, conforme o 2\u00ba Levantamento da Safra de Caf\u00e9 2025, divulgado nesta ter\u00e7a-feira (6) pela Companhia Nacional de Abastecimento (Conab).<\/p>\n<\/blockquote>\n\n\n\n<p><strong>Em termos de \u00e1rea total destinada a esta produ\u00e7\u00e3o, o aumento estimado \u00e9 0,8%, chegando a 2,25 milh\u00f5es de hectares.<\/strong><\/p>\n\n\n\n<p>\u201cA \u00e1rea em produ\u00e7\u00e3o deve registrar uma queda de 1,4%, estimada em 1,86 milh\u00e3o de hectares, enquanto a \u00e1rea em forma\u00e7\u00e3o tende a apresentar um incremento de 12,3%, movimento esperado para anos de bienalidade negativa\u201d, informou a Conab.<\/p>\n\n\n\n<p><strong><a href=\"https:\/\/agenciabrasil.ebc.com.br\/economia\/noticia\/2020-05\/cafe-rondonia-sem-desmatamento-amazonia\" target=\"_blank\" rel=\"noreferrer noopener\">&gt;&gt;Produ\u00e7\u00e3o de caf\u00e9 cria alternativa ao desmatamento em Rond\u00f4nia<\/a><\/strong><\/p>\n\n\n\n<p>De acordo com a companhia, o resultado estimado na safra total se deve, principalmente, \u00e0 recupera\u00e7\u00e3o de 28,3% nas produtividades m\u00e9dias das lavouras do caf\u00e9 conilon, tamb\u00e9m conhecido como robusta.<\/p>\n\n\n\n<p><strong>A expectativa para esta esp\u00e9cie \u00e9 de um total de 18,7 milh\u00f5es de sacas, o que representa recorde da s\u00e9rie hist\u00f3rica da Conab.<\/strong><\/p>\n\n\n\n<blockquote class=\"wp-block-quote is-layout-flow wp-block-quote-is-layout-flow\">\n<p>\u201cEste resultado se deve, sobretudo, \u00e0 regularidade clim\u00e1tica durante as fases mais cr\u00edticas das lavouras, que beneficiaram floradas positivas, e a boa quantidade de frutos por rosetas\u201d, destacou a companhia.<\/p>\n<\/blockquote>\n\n\n\n<p><strong>J\u00e1 a expectativa de produ\u00e7\u00e3o para o caf\u00e9 ar\u00e1bica, esp\u00e9cie mais afetada pela bienalidade, \u00e9 redu\u00e7\u00e3o de 6,6% na colheita, com previs\u00e3o de uma safra em torno de 37 milh\u00f5es de sacas.<\/strong><\/p>\n\n\n\n<p>\u201cEm Minas Gerais, estado com maior \u00e1rea destinada para a produ\u00e7\u00e3o de ar\u00e1bica, \u00e9 esperada uma colheita de 25,65 milh\u00f5es de sacas\u201d, informa o levantamento ao lembrar que, entre abril e setembro do ano passado, houve um longo per\u00edodo seco, o que causou instabilidade nas lavouras.<\/p>\n\n\n\n<p>Ag\u00eancia Brasil<br>Foto: \u00a9 Paula\u00a0Laboissi\u00e8re\/Ag\u00eancia Brasil<br><\/p>\n","protected":false},"excerpt":{"rendered":"<p>A produ\u00e7\u00e3o de caf\u00e9 no Brasil dever\u00e1 crescer 2,7% na safra 2025, na compara\u00e7\u00e3o com<\/p>\n","protected":false},"author":2,"featured_media":103746,"comment_status":"open","ping_status":"open","sticky":false,"template":"","format":"standard","meta":{"footnotes":""},"categories":[17],"tags":[],"class_list":["post-103745","post","type-post","status-publish","format-standard","has-post-thumbnail","hentry","category-outras-noticias"],"_links":{"self":[{"href":"https:\/\/tvc16.com\/portal\/wp-json\/wp\/v2\/posts\/103745","targetHints":{"allow":["GET"]}}],"collection":[{"href":"https:\/\/tvc16.com\/portal\/wp-json\/wp\/v2\/posts"}],"about":[{"href":"https:\/\/tvc16.com\/portal\/wp-json\/wp\/v2\/types\/post"}],"author":[{"embeddable":true,"href":"https:\/\/tvc16.com\/portal\/wp-json\/wp\/v2\/users\/2"}],"replies":[{"embeddable":true,"href":"https:\/\/tvc16.com\/portal\/wp-json\/wp\/v2\/comments?post=103745"}],"version-history":[{"count":1,"href":"https:\/\/tvc16.com\/portal\/wp-json\/wp\/v2\/posts\/103745\/revisions"}],"predecessor-version":[{"id":103747,"href":"https:\/\/tvc16.com\/portal\/wp-json\/wp\/v2\/posts\/103745\/revisions\/103747"}],"wp:featuredmedia":[{"embeddable":true,"href":"https:\/\/tvc16.com\/portal\/wp-json\/wp\/v2\/media\/103746"}],"wp:attachment":[{"href":"https:\/\/tvc16.com\/portal\/wp-json\/wp\/v2\/media?parent=103745"}],"wp:term":[{"taxonomy":"category","embeddable":true,"href":"https:\/\/tvc16.com\/portal\/wp-json\/wp\/v2\/categories?post=103745"},{"taxonomy":"post_tag","embeddable":true,"href":"https:\/\/tvc16.com\/portal\/wp-json\/wp\/v2\/tags?post=103745"}],"curies":[{"name":"wp","href":"https:\/\/api.w.org\/{rel}","templated":true}]}}