{"id":103751,"date":"2025-05-07T05:00:00","date_gmt":"2025-05-07T08:00:00","guid":{"rendered":"https:\/\/tvc16.com\/portal\/?p=103751"},"modified":"2025-05-06T15:49:33","modified_gmt":"2025-05-06T18:49:33","slug":"industria-investe-no-fortalecimento-de-cooperativas-de-coleta-seletiva","status":"publish","type":"post","link":"https:\/\/tvc16.com\/portal\/2025\/05\/07\/industria-investe-no-fortalecimento-de-cooperativas-de-coleta-seletiva\/","title":{"rendered":"Ind\u00fastria investe no fortalecimento de cooperativas de coleta seletiva"},"content":{"rendered":"\n<p>A Ag\u00eancia Brasileira de Desenvolvimento Industrial (ABDI) lan\u00e7ou, na ter\u00e7a-feira (6), o programa Coopera+ com investimento de R$ 16,9 milh\u00f5es para o fortalecimento da cadeia produtiva de materiais recicl\u00e1veis.\u00a0<img decoding=\"async\" src=\"https:\/\/agenciabrasil.ebc.com.br\/ebc.png?id=1641637&amp;o=node\"><img decoding=\"async\" src=\"https:\/\/agenciabrasil.ebc.com.br\/ebc.gif?id=1641637&amp;o=node\"><\/p>\n\n\n\n<p><strong>Os recursos foram destinados \u00e0 aquisi\u00e7\u00e3o de ve\u00edculos, equipamentos, capacita\u00e7\u00e3o e consultoria para a industrializa\u00e7\u00e3o do setor<\/strong>.<\/p>\n\n\n\n<p>De acordo com o presidente da ABDI, Ricardo Cappelli, esse investimento beneficiar\u00e1 1,1 mil catadores do Distrito Federal, integrantes de 35 cooperativas.&nbsp;<\/p>\n\n\n\n<blockquote class=\"wp-block-quote is-layout-flow wp-block-quote-is-layout-flow\">\n<p>&#8220;Essa \u00e9 a ind\u00fastria que transforma, \u00e9 a ind\u00fastria que trabalha com a sustentabilidade, com esses desafios clim\u00e1ticos que a gente tem, porque reaproveita a mat\u00e9ria-prima\u201d, destacou.<\/p>\n<\/blockquote>\n\n\n\n<p><strong>Durante a cerim\u00f4nia, foram repassadas a tr\u00eas redes de cooperativas 23 caminh\u00f5es, 2 compactadores,12 cont\u00eaineres, sistema de pesagem, empilhadeiras, prensas, esteiras e outros equipamentos<\/strong>.&nbsp;<\/p>\n\n\n\n<p>De acordo com a ABDI, os equipamentos somados \u00e0 capacita\u00e7\u00e3o visam um aumento de at\u00e9 30% na produtividade da cadeia, que inclui coleta seletiva, triagem e tratamento de res\u00edduos recicl\u00e1veis.&nbsp;<strong>Tamb\u00e9m \u00e9 esperado um crescimento de 20% na renda dos catadores<\/strong>.<\/p>\n\n\n\n<p>\u201cTodo mundo sabe como \u00e9 dif\u00edcil estruturar a reciclagem no Brasil. E a\u00ed vem uma ag\u00eancia voltada para a ind\u00fastria e investe quase R$ 17 milh\u00f5es nas cooperativas. A ind\u00fastria est\u00e1 investindo no segmento certo. Reciclagem n\u00e3o \u00e9 barata, ela precisa ser viabilizada\u201d, refor\u00e7ou a diretora da Central das Cooperativas de Materiais Recicl\u00e1veis do DF (Centcoop), Aline Sousa.<\/p>\n\n\n\n<p>De acordo com a associa\u00e7\u00e3o, o&nbsp;<strong>programa foi pensado em um modelo que possa ser replicado em todo o pa\u00eds<\/strong>&nbsp;e converge com os&nbsp;<a href=\"https:\/\/agenciabrasil.ebc.com.br\/economia\/noticia\/2024-01\/entenda-o-programa-nova-industria-brasil\" target=\"_blank\" rel=\"noreferrer noopener\">objetivos da Nova Ind\u00fastria Brasil<\/a>, pol\u00edtica p\u00fablica lan\u00e7ada pelo governo federal em janeiro de 2024.&nbsp;<\/p>\n\n\n\n<p>\u201cEssa \u00e9 a nova ind\u00fastria, tirar menos do planeta, evitar que o lixo v\u00e1 para os rios e fazer disso o ganha p\u00e3o das nossas fam\u00edlias\u201d, destacou a diretora de sustentabilidade da ABDI, Perp\u00e9tua Almeida.<\/p>\n\n\n\n<p>O vice-presidente e ministro do Desenvolvimento, Ind\u00fastria, Com\u00e9rcio e Servi\u00e7os (MDIC), Geraldo Alckmin, destacou a import\u00e2ncia do cooperativismo para o fortalecimento do setor.&nbsp;<\/p>\n\n\n\n<blockquote class=\"wp-block-quote is-layout-flow wp-block-quote-is-layout-flow\">\n<p>\u201cTudo isso vai trazer melhor renda para as catadoras e catadores, vai agregar mais valor, vai fortalecer as cooperativas, vai entregar direto na ind\u00fastria e vai ser um benef\u00edcio extremamente importante\u201d<\/p>\n<\/blockquote>\n\n\n\n<p>Durante a cerim\u00f4nia, o&nbsp;<strong>ministro da Secretaria-Geral da Presid\u00eancia, M\u00e1rcio Macedo, convidou a associa\u00e7\u00e3o da ind\u00fastria a integrar o Comit\u00ea Interministerial para Inclus\u00e3o Socioecon\u00f4mica de Catadoras e Catadores de Materiais Reutiliz\u00e1veis e Recicl\u00e1veis<\/strong>&nbsp;(CIISC) e tamb\u00e9m a participar do programa Pr\u00f3-Catadores.&nbsp;<\/p>\n\n\n\n<p>\u201c\u00c9 importante que ABDI participe para nos ajudar nessa jornada de fortalecer a cadeia produtiva dos catadores e catadores\u201d, explicou.<\/p>\n\n\n\n<p>Fab\u00edola Sinimb\u00fa \u2013 Rep\u00f3rter da Ag\u00eancia Brasil<br>Foto: \u00a9 Rovena Rosa\/Ag\u00eancia Brasil<br><\/p>\n","protected":false},"excerpt":{"rendered":"<p>A Ag\u00eancia Brasileira de Desenvolvimento Industrial (ABDI) lan\u00e7ou, na ter\u00e7a-feira (6), o programa Coopera+ com<\/p>\n","protected":false},"author":2,"featured_media":103752,"comment_status":"open","ping_status":"open","sticky":false,"template":"","format":"standard","meta":{"footnotes":""},"categories":[17],"tags":[],"class_list":["post-103751","post","type-post","status-publish","format-standard","has-post-thumbnail","hentry","category-outras-noticias"],"_links":{"self":[{"href":"https:\/\/tvc16.com\/portal\/wp-json\/wp\/v2\/posts\/103751","targetHints":{"allow":["GET"]}}],"collection":[{"href":"https:\/\/tvc16.com\/portal\/wp-json\/wp\/v2\/posts"}],"about":[{"href":"https:\/\/tvc16.com\/portal\/wp-json\/wp\/v2\/types\/post"}],"author":[{"embeddable":true,"href":"https:\/\/tvc16.com\/portal\/wp-json\/wp\/v2\/users\/2"}],"replies":[{"embeddable":true,"href":"https:\/\/tvc16.com\/portal\/wp-json\/wp\/v2\/comments?post=103751"}],"version-history":[{"count":1,"href":"https:\/\/tvc16.com\/portal\/wp-json\/wp\/v2\/posts\/103751\/revisions"}],"predecessor-version":[{"id":103753,"href":"https:\/\/tvc16.com\/portal\/wp-json\/wp\/v2\/posts\/103751\/revisions\/103753"}],"wp:featuredmedia":[{"embeddable":true,"href":"https:\/\/tvc16.com\/portal\/wp-json\/wp\/v2\/media\/103752"}],"wp:attachment":[{"href":"https:\/\/tvc16.com\/portal\/wp-json\/wp\/v2\/media?parent=103751"}],"wp:term":[{"taxonomy":"category","embeddable":true,"href":"https:\/\/tvc16.com\/portal\/wp-json\/wp\/v2\/categories?post=103751"},{"taxonomy":"post_tag","embeddable":true,"href":"https:\/\/tvc16.com\/portal\/wp-json\/wp\/v2\/tags?post=103751"}],"curies":[{"name":"wp","href":"https:\/\/api.w.org\/{rel}","templated":true}]}}