{"id":103757,"date":"2025-05-07T05:00:00","date_gmt":"2025-05-07T08:00:00","guid":{"rendered":"https:\/\/tvc16.com\/portal\/?p=103757"},"modified":"2025-05-06T16:43:00","modified_gmt":"2025-05-06T19:43:00","slug":"7-de-maio-marca-o-dia-internacional-de-luta-contra-a-endometriose-dor-invisivel-que-afeta-milhoes-de-mulheres","status":"publish","type":"post","link":"https:\/\/tvc16.com\/portal\/2025\/05\/07\/7-de-maio-marca-o-dia-internacional-de-luta-contra-a-endometriose-dor-invisivel-que-afeta-milhoes-de-mulheres\/","title":{"rendered":"7 de maio marca o Dia Internacional de Luta contra a Endometriose: dor invis\u00edvel que afeta milh\u00f5es de mulheres"},"content":{"rendered":"\n<p><em>Al\u00e9m dos tratamentos tradicionais, estudos apontam a Cannabis Medicinal como alternativa eficaz no al\u00edvio dos sintomas e na melhora da qualidade de vida de pacientes com endometriose<\/em><\/p>\n\n\n\n<p>Silenciosa, progressiva e, muitas vezes, debilitante. A endometriose afeta cerca de 10% das mulheres em idade reprodutiva no mundo, segundo dados da Organiza\u00e7\u00e3o Mundial da Sa\u00fade (OMS). No Dia Internacional da Luta contra a Endometriose, celebrado em 7 de maio, especialistas e pacientes refor\u00e7am a import\u00e2ncia da conscientiza\u00e7\u00e3o sobre a doen\u00e7a, ainda pouco diagnosticada e frequentemente banalizada.<\/p>\n\n\n\n<p>A endometriose \u00e9 caracterizada pela presen\u00e7a de tecido semelhante ao endom\u00e9trio \u2014 camada que reveste o \u00fatero \u2014 fora da cavidade uterina. Esse tecido pode se fixar em \u00f3rg\u00e3os como ov\u00e1rios, trompas, intestino e bexiga, provocando inflama\u00e7\u00f5es e dores intensas, especialmente durante o ciclo menstrual. Entre os sintomas mais comuns est\u00e3o c\u00f3licas menstruais severas, dor p\u00e9lvica cr\u00f4nica, dor durante as rela\u00e7\u00f5es sexuais, altera\u00e7\u00f5es intestinais ou urin\u00e1rias, e at\u00e9 infertilidade.<\/p>\n\n\n\n<p>O tratamento convencional geralmente inclui o uso de medicamentos analg\u00e9sicos, anti-inflamat\u00f3rios, terapias hormonais e, em alguns casos, cirurgia. No entanto, uma parcela significativa das mulheres n\u00e3o responde de forma satisfat\u00f3ria a essas interven\u00e7\u00f5es. \u00c9 nesse cen\u00e1rio que a Cannabis Medicinal tem ganhado espa\u00e7o como alternativa terap\u00eautica.<\/p>\n\n\n\n<p>\u201cA Cannabis medicinal apresenta propriedades analg\u00e9sicas, anti-inflamat\u00f3rias, ansiol\u00edticas e antiespasm\u00f3dicas, que ajudam a modular a dor e reduzir os efeitos da endometriose\u201d, explica Ino\u00e3 Viana, m\u00e9dica da fam\u00edlia e comunidade, p\u00f3s-graduada em geriatria e certificada na prescri\u00e7\u00e3o de Cannabis medicinal. \u201cQuando utilizada de forma individualizada e com acompanhamento m\u00e9dico, ela pode trazer benef\u00edcios significativos, como a melhora do sono, da qualidade de vida e at\u00e9 a redu\u00e7\u00e3o no uso de medicamentos convencionais\u201d, acrescenta.<\/p>\n\n\n\n<p>Estudos realizados na Austr\u00e1lia e na Nova Zel\u00e2ndia mostram que mais de 80% das mulheres com endometriose que usaram derivados de Cannabis relataram al\u00edvio da dor e melhora do sono. Em alguns casos, foi poss\u00edvel at\u00e9 interromper o uso de analg\u00e9sicos tradicionais. Outras estrat\u00e9gias complementares, como o uso de calor local, medita\u00e7\u00e3o e mudan\u00e7as na alimenta\u00e7\u00e3o, tamb\u00e9m foram citadas como formas eficazes de autogest\u00e3o da doen\u00e7a.<\/p>\n\n\n\n<p>Apesar dos avan\u00e7os nas pesquisas, o uso da Cannabis ainda enfrenta desafios, como o preconceito social e a necessidade de regula\u00e7\u00e3o mais ampla para garantir acesso seguro e legal \u00e0s pacientes. \u201c\u00c9 fundamental que os profissionais de sa\u00fade estejam capacitados para orientar o uso respons\u00e1vel da Cannabis e que as mulheres tenham acesso \u00e0 informa\u00e7\u00e3o e atendimento adequado\u201d, afirma Ino\u00e3.<\/p>\n\n\n\n<p>Neste 7 de maio, a data refor\u00e7a n\u00e3o s\u00f3 a luta contra a endometriose, mas tamb\u00e9m a urg\u00eancia em dar voz \u00e0s mulheres que convivem com uma dor que, embora invis\u00edvel, \u00e9 real e incapacitante. A inclus\u00e3o da Cannabis medicinal no debate sobre tratamentos \u00e9 um passo promissor rumo a uma abordagem mais emp\u00e1tica, moderna e eficaz.<\/p>\n\n\n\n<p>Foto: divulga\u00e7\u00e3o<\/p>\n","protected":false},"excerpt":{"rendered":"<p>Al\u00e9m dos tratamentos tradicionais, estudos apontam a Cannabis Medicinal como alternativa eficaz no al\u00edvio dos<\/p>\n","protected":false},"author":2,"featured_media":103758,"comment_status":"open","ping_status":"open","sticky":false,"template":"","format":"standard","meta":{"footnotes":""},"categories":[12],"tags":[],"class_list":["post-103757","post","type-post","status-publish","format-standard","has-post-thumbnail","hentry","category-cidade"],"_links":{"self":[{"href":"https:\/\/tvc16.com\/portal\/wp-json\/wp\/v2\/posts\/103757","targetHints":{"allow":["GET"]}}],"collection":[{"href":"https:\/\/tvc16.com\/portal\/wp-json\/wp\/v2\/posts"}],"about":[{"href":"https:\/\/tvc16.com\/portal\/wp-json\/wp\/v2\/types\/post"}],"author":[{"embeddable":true,"href":"https:\/\/tvc16.com\/portal\/wp-json\/wp\/v2\/users\/2"}],"replies":[{"embeddable":true,"href":"https:\/\/tvc16.com\/portal\/wp-json\/wp\/v2\/comments?post=103757"}],"version-history":[{"count":1,"href":"https:\/\/tvc16.com\/portal\/wp-json\/wp\/v2\/posts\/103757\/revisions"}],"predecessor-version":[{"id":103759,"href":"https:\/\/tvc16.com\/portal\/wp-json\/wp\/v2\/posts\/103757\/revisions\/103759"}],"wp:featuredmedia":[{"embeddable":true,"href":"https:\/\/tvc16.com\/portal\/wp-json\/wp\/v2\/media\/103758"}],"wp:attachment":[{"href":"https:\/\/tvc16.com\/portal\/wp-json\/wp\/v2\/media?parent=103757"}],"wp:term":[{"taxonomy":"category","embeddable":true,"href":"https:\/\/tvc16.com\/portal\/wp-json\/wp\/v2\/categories?post=103757"},{"taxonomy":"post_tag","embeddable":true,"href":"https:\/\/tvc16.com\/portal\/wp-json\/wp\/v2\/tags?post=103757"}],"curies":[{"name":"wp","href":"https:\/\/api.w.org\/{rel}","templated":true}]}}