{"id":103763,"date":"2025-05-07T08:43:44","date_gmt":"2025-05-07T11:43:44","guid":{"rendered":"https:\/\/tvc16.com\/portal\/?p=103763"},"modified":"2025-05-07T08:43:45","modified_gmt":"2025-05-07T11:43:45","slug":"aulao-exposicoes-e-muita-musica-programacao-reune-familias-para-celebrar-o-dia-das-maes-em-itaipava","status":"publish","type":"post","link":"https:\/\/tvc16.com\/portal\/2025\/05\/07\/aulao-exposicoes-e-muita-musica-programacao-reune-familias-para-celebrar-o-dia-das-maes-em-itaipava\/","title":{"rendered":"Aul\u00e3o, exposi\u00e7\u00f5es e muita m\u00fasica: programa\u00e7\u00e3o re\u00fane fam\u00edlias para celebrar o Dia das m\u00e3es em Itaipava"},"content":{"rendered":"\n<p><em>Shopping Vilarejo promove programa\u00e7\u00e3o gratuita com aul\u00e3o fitness pela manh\u00e3 e show ac\u00fastico no fim do dia<\/em><\/p>\n\n\n\n<p>Um s\u00e1bado para alongar o corpo, fortalecer os v\u00ednculos e cantar junto. Assim ser\u00e1 a v\u00e9spera do Dia das M\u00e3es em Itaipava neste ano. Neste s\u00e1bado (10), uma programa\u00e7\u00e3o gratuita promete emocionar e movimentar o fim de semana das m\u00e3es em Itaipava, reunindo toda a fam\u00edlia para atividades que promovem sa\u00fade, bem-estar e cultura. O evento acontece no Shopping Vilarejo, com entrada gratuita.<\/p>\n\n\n\n<p>A manh\u00e3 come\u00e7a com o aul\u00e3o fitness, na Pra\u00e7a do Sol, a partir das 9h. Ser\u00e3o tr\u00eas modalidades diferentes: yoga, com a professora Lili, mobilidade com o professor Douglas e, encerrando, o cross boxe do professor Jonathan. As aulas s\u00e3o conduzidas por profissionais do est\u00fadio JP9, que atua com foco em atendimento personalizado e inclus\u00e3o de todos os perfis de alunos. A Sant\u00e9 Fisioterapia tamb\u00e9m participa com atendimentos gratuitos durante a manh\u00e3, oferecendo orienta\u00e7\u00f5es e cuidados musculares. Sorteios de brindes especiais complementam a experi\u00eancia.<\/p>\n\n\n\n<p>\u201cO objetivo da JP9 \u00e9 acolher todas as pessoas em seu momento, respeitando suas necessidades e metas. O aul\u00e3o \u00e9 uma oportunidade incr\u00edvel para mostrar que atividade f\u00edsica pode \u2014 e deve \u2014 ser leve, prazerosa e feita junto de quem a gente ama\u201d, destaca Jo\u00e3o Paulo Macacchero, educador f\u00edsico e respons\u00e1vel pelo est\u00fadio.<\/p>\n\n\n\n<p>Para fechar o dia, o palco da Pra\u00e7a do Sol recebe, \u00e0s 18h, o show da dupla Pablo &amp; Bernardo, amigos que se conheceram na faculdade e v\u00eam encantando o p\u00fablico petropolitano desde 2001. No formato ac\u00fastico, com voz, viol\u00e3o e contrabaixo, eles apresentam um repert\u00f3rio repleto de flashbacks e sucessos da MPB, do pop e do rock, passeando por cl\u00e1ssicos nacionais e internacionais dos anos 60 at\u00e9 os 2010. \u201cNosso show \u00e9 quase um momento de encontro com a nossa mem\u00f3ria afetiva, atrav\u00e9s da m\u00fasica\u201d, destaca Pablo Billy, que forma a dupla ao lado de Bernardo Barnes.<\/p>\n\n\n\n<p><strong>Duas exposi\u00e7\u00f5es gratuitas em homenagem \u00e0s m\u00e3es<\/strong><\/p>\n\n\n\n<p><br>Al\u00e9m do aul\u00e3o fitness e do show ac\u00fastico, o Shopping Vilarejo est\u00e1 com duas exposi\u00e7\u00f5es em cartaz que prometem inspirar e emocionar. A \u201cFlorEss\u00eancia\u201d, que transformou a Pra\u00e7a do Sol em uma vitrine de flores, decora\u00e7\u00e3o e design, unindo esp\u00e9cies como orqu\u00eddeas e beg\u00f4nias a m\u00f3veis de alto padr\u00e3o, em ambienta\u00e7\u00f5es que celebram beleza e afetividade. A exposi\u00e7\u00e3o segue at\u00e9 o domingo, dia 11 de maio. J\u00e1 na Pra\u00e7a da Lua, at\u00e9 o dia 18 de maio, a exposi\u00e7\u00e3o \u201cM\u00e3es Extraordin\u00e1rias\u201d apresenta retratos e relatos que ressignificam a maternidade contempor\u00e2nea. No dia 17 de maio, haver\u00e1 a exibi\u00e7\u00e3o de document\u00e1rio e roda de conversa sobre o tema. As mostras t\u00eam entrada gratuita.<\/p>\n\n\n\n<p>Mais do que uma homenagem \u00e0s m\u00e3es, a programa\u00e7\u00e3o do Vilarejo \u00e9 um convite para que toda a fam\u00edlia aproveite os benef\u00edcios do movimento: melhora da disposi\u00e7\u00e3o, fortalecimento do sistema imunol\u00f3gico, al\u00edvio do estresse e, claro, momentos de conex\u00e3o e alegria compartilhada. \u201cO Shopping Vilarejo acredita no poder que o bem-estar tem de transformar vidas. Por isso, apoiamos e promovemos iniciativas que incentivem a pr\u00e1tica de atividades f\u00edsicas em todas as fases da vida e claro, ao fim do dia, ouvir uma boa m\u00fasica para celebrar as m\u00e3es\u201d, afirma Tiago Corr\u00eaa, administrador do Shopping.<\/p>\n","protected":false},"excerpt":{"rendered":"<p>Shopping Vilarejo promove programa\u00e7\u00e3o gratuita com aul\u00e3o fitness pela manh\u00e3 e show ac\u00fastico no fim<\/p>\n","protected":false},"author":2,"featured_media":103764,"comment_status":"open","ping_status":"open","sticky":false,"template":"","format":"standard","meta":{"footnotes":""},"categories":[12],"tags":[],"class_list":["post-103763","post","type-post","status-publish","format-standard","has-post-thumbnail","hentry","category-cidade"],"_links":{"self":[{"href":"https:\/\/tvc16.com\/portal\/wp-json\/wp\/v2\/posts\/103763","targetHints":{"allow":["GET"]}}],"collection":[{"href":"https:\/\/tvc16.com\/portal\/wp-json\/wp\/v2\/posts"}],"about":[{"href":"https:\/\/tvc16.com\/portal\/wp-json\/wp\/v2\/types\/post"}],"author":[{"embeddable":true,"href":"https:\/\/tvc16.com\/portal\/wp-json\/wp\/v2\/users\/2"}],"replies":[{"embeddable":true,"href":"https:\/\/tvc16.com\/portal\/wp-json\/wp\/v2\/comments?post=103763"}],"version-history":[{"count":1,"href":"https:\/\/tvc16.com\/portal\/wp-json\/wp\/v2\/posts\/103763\/revisions"}],"predecessor-version":[{"id":103765,"href":"https:\/\/tvc16.com\/portal\/wp-json\/wp\/v2\/posts\/103763\/revisions\/103765"}],"wp:featuredmedia":[{"embeddable":true,"href":"https:\/\/tvc16.com\/portal\/wp-json\/wp\/v2\/media\/103764"}],"wp:attachment":[{"href":"https:\/\/tvc16.com\/portal\/wp-json\/wp\/v2\/media?parent=103763"}],"wp:term":[{"taxonomy":"category","embeddable":true,"href":"https:\/\/tvc16.com\/portal\/wp-json\/wp\/v2\/categories?post=103763"},{"taxonomy":"post_tag","embeddable":true,"href":"https:\/\/tvc16.com\/portal\/wp-json\/wp\/v2\/tags?post=103763"}],"curies":[{"name":"wp","href":"https:\/\/api.w.org\/{rel}","templated":true}]}}