{"id":103770,"date":"2025-05-07T08:49:34","date_gmt":"2025-05-07T11:49:34","guid":{"rendered":"https:\/\/tvc16.com\/portal\/?p=103770"},"modified":"2025-05-07T08:49:35","modified_gmt":"2025-05-07T11:49:35","slug":"camara-aprova-indicacao-legislativa-para-ampliar-acesso-a-internet-gratuita-nas-comunidades","status":"publish","type":"post","link":"https:\/\/tvc16.com\/portal\/2025\/05\/07\/camara-aprova-indicacao-legislativa-para-ampliar-acesso-a-internet-gratuita-nas-comunidades\/","title":{"rendered":"C\u00e2mara aprova indica\u00e7\u00e3o legislativa para ampliar acesso \u00e0 internet gratuita nas comunidades"},"content":{"rendered":"\n<p>A C\u00e2mara Municipal de Petr\u00f3polis aprovou nesta ter\u00e7a-feira (06) a indica\u00e7\u00e3o legislativa de autoria do presidente da casa, vereador J\u00fanior Coruja, que prop\u00f5e ao Poder Executivo o envio de um projeto de lei para implantar e implementar internet gratuita em diversos espa\u00e7os p\u00fablicos das comunidades da cidade.<\/p>\n\n\n\n<p>A proposta visa expandir o servi\u00e7o de Wi-Fi gratuito j\u00e1 existente nos pontos tur\u00edsticos e pra\u00e7as do munic\u00edpio, levando conectividade tamb\u00e9m para quadras esportivas de comunidades, sedes de associa\u00e7\u00f5es de moradores, pra\u00e7as p\u00fablicas e centros comunit\u00e1rios. A medida busca promover inclus\u00e3o digital, ampliar o acesso \u00e0 informa\u00e7\u00e3o e fortalecer os la\u00e7os sociais por meio da democratiza\u00e7\u00e3o da tecnologia.<\/p>\n\n\n\n<p>Segundo o texto da indica\u00e7\u00e3o, o sinal de internet ser\u00e1 disponibilizado via Wi-Fi e acess\u00edvel por meio de dispositivos como celulares, smartphones, tablets e notebooks. O Executivo ser\u00e1 respons\u00e1vel por informar os cidad\u00e3os sobre a disponibilidade do servi\u00e7o por meio de placas instaladas em locais vis\u00edveis.<\/p>\n\n\n\n<p>\u201cA proposta acompanha o compromisso da cidade com a conectividade e com a inclus\u00e3o social. Acreditamos que levar internet gratuita para os bairros n\u00e3o \u00e9 apenas oferecer um servi\u00e7o, mas garantir o direito ao acesso \u00e0 informa\u00e7\u00e3o, \u00e0 educa\u00e7\u00e3o e ao desenvolvimento tecnol\u00f3gico\u201d, afirmou o vereador J\u00fanior Coruja.<\/p>\n\n\n\n<p>O projeto tamb\u00e9m autoriza a Prefeitura a firmar parcerias, contratos ou conv\u00eanios para viabilizar a execu\u00e7\u00e3o do servi\u00e7o, al\u00e9m de prever a regulamenta\u00e7\u00e3o da forma de acesso e utiliza\u00e7\u00e3o por parte dos usu\u00e1rios.<\/p>\n\n\n\n<p>A justificativa apresentada ressalta que a amplia\u00e7\u00e3o do acesso \u00e0 internet gratuita pode impulsionar o desenvolvimento educacional e socioecon\u00f4mico das comunidades, promovendo oportunidades e reduzindo desigualdades. A proposta agora aguarda manifesta\u00e7\u00e3o do Executivo Municipal para que o respectivo projeto de lei seja encaminhado \u00e0 C\u00e2mara.<\/p>\n","protected":false},"excerpt":{"rendered":"<p>A C\u00e2mara Municipal de Petr\u00f3polis aprovou nesta ter\u00e7a-feira (06) a indica\u00e7\u00e3o legislativa de autoria do<\/p>\n","protected":false},"author":2,"featured_media":77330,"comment_status":"open","ping_status":"open","sticky":false,"template":"","format":"standard","meta":{"footnotes":""},"categories":[12],"tags":[],"class_list":["post-103770","post","type-post","status-publish","format-standard","has-post-thumbnail","hentry","category-cidade"],"_links":{"self":[{"href":"https:\/\/tvc16.com\/portal\/wp-json\/wp\/v2\/posts\/103770","targetHints":{"allow":["GET"]}}],"collection":[{"href":"https:\/\/tvc16.com\/portal\/wp-json\/wp\/v2\/posts"}],"about":[{"href":"https:\/\/tvc16.com\/portal\/wp-json\/wp\/v2\/types\/post"}],"author":[{"embeddable":true,"href":"https:\/\/tvc16.com\/portal\/wp-json\/wp\/v2\/users\/2"}],"replies":[{"embeddable":true,"href":"https:\/\/tvc16.com\/portal\/wp-json\/wp\/v2\/comments?post=103770"}],"version-history":[{"count":1,"href":"https:\/\/tvc16.com\/portal\/wp-json\/wp\/v2\/posts\/103770\/revisions"}],"predecessor-version":[{"id":103771,"href":"https:\/\/tvc16.com\/portal\/wp-json\/wp\/v2\/posts\/103770\/revisions\/103771"}],"wp:featuredmedia":[{"embeddable":true,"href":"https:\/\/tvc16.com\/portal\/wp-json\/wp\/v2\/media\/77330"}],"wp:attachment":[{"href":"https:\/\/tvc16.com\/portal\/wp-json\/wp\/v2\/media?parent=103770"}],"wp:term":[{"taxonomy":"category","embeddable":true,"href":"https:\/\/tvc16.com\/portal\/wp-json\/wp\/v2\/categories?post=103770"},{"taxonomy":"post_tag","embeddable":true,"href":"https:\/\/tvc16.com\/portal\/wp-json\/wp\/v2\/tags?post=103770"}],"curies":[{"name":"wp","href":"https:\/\/api.w.org\/{rel}","templated":true}]}}