{"id":103779,"date":"2025-05-07T08:56:06","date_gmt":"2025-05-07T11:56:06","guid":{"rendered":"https:\/\/tvc16.com\/portal\/?p=103779"},"modified":"2025-05-07T12:44:51","modified_gmt":"2025-05-07T15:44:51","slug":"rodadas-de-negocios-promovidas-pelo-governo-do-estado-geram-r-54-milhoes-em-potencial-de-vendas-em-teresopolis","status":"publish","type":"post","link":"https:\/\/tvc16.com\/portal\/2025\/05\/07\/rodadas-de-negocios-promovidas-pelo-governo-do-estado-geram-r-54-milhoes-em-potencial-de-vendas-em-teresopolis\/","title":{"rendered":"Rodadas de neg\u00f3cios promovidas pelo governo do estado geram R$ 5,4 milh\u00f5es em potencial de vendas em Teres\u00f3polis"},"content":{"rendered":"\n<p><br><em>Iniciativa da Secretaria de Desenvolvimento Econ\u00f4mico reuniu 56 fornecedores de produtos e servi\u00e7os da regi\u00e3o e nove empresas \u00e2ncora<\/em><\/p>\n\n\n\n<p><br>As sess\u00f5es de neg\u00f3cios promovidas pela Secretaria de Estado de Desenvolvimento Econ\u00f4mico em Teres\u00f3polis geraram R$ 5,4 milh\u00f5es em potencial de transa\u00e7\u00f5es para pequenos e m\u00e9dios fornecedores da regi\u00e3o. As rodadas aconteceram durante o evento Conecta Teres\u00f3polis, realizado pela Federa\u00e7\u00e3o das Associa\u00e7\u00f5es Comerciais e Empresariais do Estado do Rio de Janeiro (Facerj), em parceria com o Sebrae-RJ, e reuniram 56 fornecedores de produtos e servi\u00e7os e nove empresas \u00e2ncora<\/p>\n\n\n\n<p>\u2013 As rodadas de neg\u00f3cios criam oportunidades reais de integra\u00e7\u00e3o entre diferentes segmentos do setor produtivo e refor\u00e7am o compromisso de nossa gest\u00e3o com o fortalecimento da economia regional. S\u00e3o iniciativas que impulsionam a competitividade, estimulam o empreendedorismo e fomentam cadeias produtivas locais, contribuindo diretamente para a gera\u00e7\u00e3o de emprego e renda para popula\u00e7\u00e3o \u2013 ressalta o governador Cl\u00e1udio Castro.<\/p>\n\n\n\n<p>A Secretaria de Desenvolvimento Econ\u00f4mico promoveu ainda, no evento, sess\u00f5es de cr\u00e9dito, onde empreendedores da regi\u00e3o tiveram acesso a informa\u00e7\u00f5es sobre linhas de cr\u00e9dito de institui\u00e7\u00f5es financeiras como a AgeRio, Banco do Brasil, Caixa Econ\u00f4mica Federal e Sicredi.<\/p>\n\n\n\n<p>\u2013 As sess\u00f5es de neg\u00f3cios t\u00eam como objetivo aproximar pequenas, m\u00e9dias e grandes empresas, fortalecendo o empreendedorismo, incentivando parcerias e gerando oportunidades reais de neg\u00f3cios para alavancar a economia dos munic\u00edpios e o desenvolvimento regional \u2013 destaca a secretaria interina de Desenvolvimento Econ\u00f4mico, Fernanda Curdi.<\/p>\n","protected":false},"excerpt":{"rendered":"<p>Iniciativa da Secretaria de Desenvolvimento Econ\u00f4mico reuniu 56 fornecedores de produtos e servi\u00e7os da regi\u00e3o<\/p>\n","protected":false},"author":2,"featured_media":103780,"comment_status":"open","ping_status":"open","sticky":false,"template":"","format":"standard","meta":{"footnotes":""},"categories":[17,1],"tags":[],"class_list":["post-103779","post","type-post","status-publish","format-standard","has-post-thumbnail","hentry","category-outras-noticias","category-uncategorized"],"_links":{"self":[{"href":"https:\/\/tvc16.com\/portal\/wp-json\/wp\/v2\/posts\/103779","targetHints":{"allow":["GET"]}}],"collection":[{"href":"https:\/\/tvc16.com\/portal\/wp-json\/wp\/v2\/posts"}],"about":[{"href":"https:\/\/tvc16.com\/portal\/wp-json\/wp\/v2\/types\/post"}],"author":[{"embeddable":true,"href":"https:\/\/tvc16.com\/portal\/wp-json\/wp\/v2\/users\/2"}],"replies":[{"embeddable":true,"href":"https:\/\/tvc16.com\/portal\/wp-json\/wp\/v2\/comments?post=103779"}],"version-history":[{"count":1,"href":"https:\/\/tvc16.com\/portal\/wp-json\/wp\/v2\/posts\/103779\/revisions"}],"predecessor-version":[{"id":103781,"href":"https:\/\/tvc16.com\/portal\/wp-json\/wp\/v2\/posts\/103779\/revisions\/103781"}],"wp:featuredmedia":[{"embeddable":true,"href":"https:\/\/tvc16.com\/portal\/wp-json\/wp\/v2\/media\/103780"}],"wp:attachment":[{"href":"https:\/\/tvc16.com\/portal\/wp-json\/wp\/v2\/media?parent=103779"}],"wp:term":[{"taxonomy":"category","embeddable":true,"href":"https:\/\/tvc16.com\/portal\/wp-json\/wp\/v2\/categories?post=103779"},{"taxonomy":"post_tag","embeddable":true,"href":"https:\/\/tvc16.com\/portal\/wp-json\/wp\/v2\/tags?post=103779"}],"curies":[{"name":"wp","href":"https:\/\/api.w.org\/{rel}","templated":true}]}}