{"id":103797,"date":"2025-05-08T05:00:00","date_gmt":"2025-05-08T08:00:00","guid":{"rendered":"https:\/\/tvc16.com\/portal\/?p=103797"},"modified":"2025-05-07T12:23:37","modified_gmt":"2025-05-07T15:23:37","slug":"expo-petropolis-retorna-apos-seis-anos-mas-sem-solucao-para-ordenamento-alerta-unita","status":"publish","type":"post","link":"https:\/\/tvc16.com\/portal\/2025\/05\/08\/expo-petropolis-retorna-apos-seis-anos-mas-sem-solucao-para-ordenamento-alerta-unita\/","title":{"rendered":"Expo Petr\u00f3polis retorna ap\u00f3s seis anos, mas sem solu\u00e7\u00e3o para ordenamento, alerta Unita"},"content":{"rendered":"\n<p>Ap\u00f3s seis anos sem ser realizada, a Expo Petr\u00f3polis voltou a acontecer entre os dias 1\u00ba e 4 de maio, no Parque Municipal, em Itaipava. Mas, junto com o retorno, tamb\u00e9m vieram os velhos problemas: desorganiza\u00e7\u00e3o no tr\u00e2nsito, falta de ordenamento urbano e impactos negativos para moradores, trabalhadores e comerciantes da regi\u00e3o. A avalia\u00e7\u00e3o \u00e9 da associa\u00e7\u00e3o Unidos por Itaipava (Unita), que cobra da Prefeitura mais investimentos em estrutura e planejamento para que o evento n\u00e3o penalize os distritos enquanto promove entretenimento.<\/p>\n\n\n\n<p>Segundo a Unita, apesar do grande potencial da Expo para o turismo e a economia local, o evento continua sendo realizado sem o suporte necess\u00e1rio em mobilidade urbana, seguran\u00e7a e fiscaliza\u00e7\u00e3o. \u201cA Prefeitura precisa gastar mais, investir de fato em solu\u00e7\u00f5es que garantam fluidez no tr\u00e2nsito e ordem p\u00fablica. N\u00e3o \u00e9 razo\u00e1vel que um dos maiores eventos da cidade aconte\u00e7a \u00e0s margens de uma rodovia fundamental, como a Estrada Uni\u00e3o e Ind\u00fastria, sem o devido planejamento para lidar com esse volume de pessoas\u201d, afirma Alexandre Plantz, presidente da entidade.<\/p>\n\n\n\n<p>Para a Unita, a falta de ordenamento afeta diretamente o direito de ir e vir dos moradores, prejudica o deslocamento dos trabalhadores e sufoca o funcionamento de outros neg\u00f3cios. \u201cA Expo n\u00e3o pode ser um obst\u00e1culo para quem vive aqui. Em vez de estimular o crescimento, da forma como vem sendo organizada, ela gera desconforto para a popula\u00e7\u00e3o\u201d, acrescenta Alexandre.<\/p>\n\n\n\n<p>A associa\u00e7\u00e3o tamb\u00e9m cobra o uso mais inteligente da estrutura existente, como o potencial de estacionamento dentro do pr\u00f3prio Parque e a organiza\u00e7\u00e3o de \u00e1reas espec\u00edficas para carros de aplicativo e vans. Outra reivindica\u00e7\u00e3o \u00e9 o refor\u00e7o no transporte p\u00fablico durante os dias de evento, al\u00e9m da limpeza cont\u00ednua na entrada e entorno do local.<\/p>\n\n\n\n<p>\u201cO evento cresceu, o fluxo aumentou, mas a estrutura urbana continua a mesma. A duplica\u00e7\u00e3o da Rua Agante Mo\u00e7o, atr\u00e1s do Parque, por exemplo, mostra que temos alternativas. Essa via, cuja obra foi paralisada na gest\u00e3o passada, \u00e9 uma via de escape para o dia a dia e se mostra essencial para quando h\u00e1 atra\u00e7\u00f5es no Parque. Outros eventos de grande porte j\u00e1 deram sinais de como pode funcionar melhor com aplica\u00e7\u00e3o de recursos\u201d, refor\u00e7a Fabricio Santos, secret\u00e1rio da Unita.<\/p>\n\n\n\n<p>A entidade n\u00e3o se posiciona contra a realiza\u00e7\u00e3o da Expo, mas defende que um evento desse porte exige contrapartidas do poder p\u00fablico para garantir o equil\u00edbrio entre lazer, desenvolvimento econ\u00f4mico e qualidade de vida. \u201cO sucesso de uma festa n\u00e3o pode ser medido apenas pelo n\u00famero de pessoas. Ele tamb\u00e9m precisa ser avaliado pela capacidade de conviv\u00eancia e organiza\u00e7\u00e3o que oferece \u00e0 cidade. Isso s\u00f3 se alcan\u00e7a com investimento, planejamento e di\u00e1logo\u201d, conclui Plantz.<\/p>\n\n\n\n<p>Foto: divulga\u00e7\u00e3o <\/p>\n","protected":false},"excerpt":{"rendered":"<p>Ap\u00f3s seis anos sem ser realizada, a Expo Petr\u00f3polis voltou a acontecer entre os dias<\/p>\n","protected":false},"author":2,"featured_media":103798,"comment_status":"open","ping_status":"open","sticky":false,"template":"","format":"standard","meta":{"footnotes":""},"categories":[12],"tags":[],"class_list":["post-103797","post","type-post","status-publish","format-standard","has-post-thumbnail","hentry","category-cidade"],"_links":{"self":[{"href":"https:\/\/tvc16.com\/portal\/wp-json\/wp\/v2\/posts\/103797","targetHints":{"allow":["GET"]}}],"collection":[{"href":"https:\/\/tvc16.com\/portal\/wp-json\/wp\/v2\/posts"}],"about":[{"href":"https:\/\/tvc16.com\/portal\/wp-json\/wp\/v2\/types\/post"}],"author":[{"embeddable":true,"href":"https:\/\/tvc16.com\/portal\/wp-json\/wp\/v2\/users\/2"}],"replies":[{"embeddable":true,"href":"https:\/\/tvc16.com\/portal\/wp-json\/wp\/v2\/comments?post=103797"}],"version-history":[{"count":1,"href":"https:\/\/tvc16.com\/portal\/wp-json\/wp\/v2\/posts\/103797\/revisions"}],"predecessor-version":[{"id":103799,"href":"https:\/\/tvc16.com\/portal\/wp-json\/wp\/v2\/posts\/103797\/revisions\/103799"}],"wp:featuredmedia":[{"embeddable":true,"href":"https:\/\/tvc16.com\/portal\/wp-json\/wp\/v2\/media\/103798"}],"wp:attachment":[{"href":"https:\/\/tvc16.com\/portal\/wp-json\/wp\/v2\/media?parent=103797"}],"wp:term":[{"taxonomy":"category","embeddable":true,"href":"https:\/\/tvc16.com\/portal\/wp-json\/wp\/v2\/categories?post=103797"},{"taxonomy":"post_tag","embeddable":true,"href":"https:\/\/tvc16.com\/portal\/wp-json\/wp\/v2\/tags?post=103797"}],"curies":[{"name":"wp","href":"https:\/\/api.w.org\/{rel}","templated":true}]}}