{"id":10380,"date":"2021-02-13T19:16:13","date_gmt":"2021-02-13T22:16:13","guid":{"rendered":"https:\/\/tvc16.com\/portal\/?p=10380"},"modified":"2021-02-13T19:16:15","modified_gmt":"2021-02-13T22:16:15","slug":"imagens-das-cameras-do-centro-integrado-de-operacoes-ciop-serao-utilizadas-pelas-equipes-para-identificar-pontos-com-aglomeracoes-durante-o-periodo-de-carnaval","status":"publish","type":"post","link":"https:\/\/tvc16.com\/portal\/2021\/02\/13\/imagens-das-cameras-do-centro-integrado-de-operacoes-ciop-serao-utilizadas-pelas-equipes-para-identificar-pontos-com-aglomeracoes-durante-o-periodo-de-carnaval\/","title":{"rendered":"Imagens das c\u00e2meras do Centro Integrado de Opera\u00e7\u00f5es (CIOP) ser\u00e3o utilizadas pelas equipes para identificar pontos com aglomera\u00e7\u00f5es durante o per\u00edodo de Carnaval"},"content":{"rendered":"\n<p>O plant\u00e3o das equipes da Pol\u00edcia Militar (PM), Guarda Civil, SAMU, Defesa Civil e CPTrans come\u00e7ou nesta sexta-feira (12), monitorando a movimenta\u00e7\u00e3o do p\u00fablico. <\/p>\n\n\n\n<p>Al\u00e9m disso, PM, Guarda Civil, Vigil\u00e2ncia Sanit\u00e1ria e Fiscaliza\u00e7\u00e3o de Posturas tamb\u00e9m est\u00e3o com refor\u00e7o do efetivo nas ruas. Nesta sexta-feira, as equipes estiveram na Pra\u00e7a de Corr\u00eaas, local onde costuma haver encontros pr\u00e9-carnaval. O choque de ordem, na rua 13 de Maio e nos arredores do Centro, tamb\u00e9m foi realizado.<\/p>\n\n\n\n<p>Segundo a comandante do 26\u00ba BPM, tenente-coronel Simone de Almeida Silva, pra\u00e7as e bares ser\u00e3o fiscalizados para que n\u00e3o ocorra aglomera\u00e7\u00e3o de populares durante o carnaval. \u201cPretendemos que neste per\u00edodo exista conscientiza\u00e7\u00e3o da popula\u00e7\u00e3o para o per\u00edodo de pandemia que estamos enfrentando. Precisamos que todos entendam que s\u00e3o correspons\u00e1veis pela seguran\u00e7a e sa\u00fade local\u201d, disse.<\/p>\n\n\n\n<p>&#8220;O nosso trabalho ser\u00e1 integrado e tem como objetivo principal preservar a vida do petropolitano. Organizamos o efetivo para atender a toda a cidade durante o carnaval&#8221;, destacou Jos\u00e9 Augusto Carvalho, superintendente geral da Guarda Civil.<\/p>\n\n\n\n<p>As den\u00fancias de aglomera\u00e7\u00f5es poder\u00e3o ser feitas pelos telefones 9 9860-0845 e 2246-9041 (Vigil\u00e2ncia Sanit\u00e1ria), 2246-9257 ou 153 (Guarda Civil) ou 190 (PM).<\/p>\n","protected":false},"excerpt":{"rendered":"<p>O plant\u00e3o das equipes da Pol\u00edcia Militar (PM), Guarda Civil, SAMU, Defesa Civil e CPTrans<\/p>\n","protected":false},"author":2,"featured_media":10381,"comment_status":"open","ping_status":"open","sticky":false,"template":"","format":"standard","meta":{"footnotes":""},"categories":[12],"tags":[],"class_list":["post-10380","post","type-post","status-publish","format-standard","has-post-thumbnail","hentry","category-cidade"],"_links":{"self":[{"href":"https:\/\/tvc16.com\/portal\/wp-json\/wp\/v2\/posts\/10380","targetHints":{"allow":["GET"]}}],"collection":[{"href":"https:\/\/tvc16.com\/portal\/wp-json\/wp\/v2\/posts"}],"about":[{"href":"https:\/\/tvc16.com\/portal\/wp-json\/wp\/v2\/types\/post"}],"author":[{"embeddable":true,"href":"https:\/\/tvc16.com\/portal\/wp-json\/wp\/v2\/users\/2"}],"replies":[{"embeddable":true,"href":"https:\/\/tvc16.com\/portal\/wp-json\/wp\/v2\/comments?post=10380"}],"version-history":[{"count":1,"href":"https:\/\/tvc16.com\/portal\/wp-json\/wp\/v2\/posts\/10380\/revisions"}],"predecessor-version":[{"id":10382,"href":"https:\/\/tvc16.com\/portal\/wp-json\/wp\/v2\/posts\/10380\/revisions\/10382"}],"wp:featuredmedia":[{"embeddable":true,"href":"https:\/\/tvc16.com\/portal\/wp-json\/wp\/v2\/media\/10381"}],"wp:attachment":[{"href":"https:\/\/tvc16.com\/portal\/wp-json\/wp\/v2\/media?parent=10380"}],"wp:term":[{"taxonomy":"category","embeddable":true,"href":"https:\/\/tvc16.com\/portal\/wp-json\/wp\/v2\/categories?post=10380"},{"taxonomy":"post_tag","embeddable":true,"href":"https:\/\/tvc16.com\/portal\/wp-json\/wp\/v2\/tags?post=10380"}],"curies":[{"name":"wp","href":"https:\/\/api.w.org\/{rel}","templated":true}]}}